{"id":5775,"date":"2024-03-29T16:31:33","date_gmt":"2024-03-29T16:31:33","guid":{"rendered":"https:\/\/ropacristiana.online\/el-arrebatamiento-de-la-iglesia-primera-parte\/"},"modified":"2024-04-20T13:07:30","modified_gmt":"2024-04-20T13:07:30","slug":"el-arrebatamiento-de-la-iglesia-primera-parte","status":"publish","type":"post","link":"https:\/\/ropacristiana.online\/blog\/el-arrebatamiento-de-la-iglesia-primera-parte\/","title":{"rendered":"El Arrebatamiento de la Iglesia (Primera parte)"},"content":{"rendered":"<div class=\"content\">\n<p style=\"text-align: justify;\">El arrebatamiento de la Iglesia es uno de los acontecimientos mas importantes que tendr\u00e1n lugar en el futuro cercano, pero para muchos, especialmente para los no creyentes es algo de lo cual no se sabe mucho. De hecho no forma parte de la fe cat\u00f3lica ni de muchas religiones que establecen su fe de alguna forma en la Biblia o Jes\u00fas. No obstante, aun dentro del grupo de iglesias protestantes, existen muchas posiciones sobre este hecho, sobre el tiempo en que tendr\u00e1 lugar, de acuerdo a la interpretaci\u00f3n que cada grupo ha realizado sobre este acontecimiento.<\/p>\n<p style=\"text-align: justify;\">De cualquier forma se trata de un hecho real que se encuentra registrado en la Biblia y mencionado por el mismo Yeshua, incluso con referencias en el antiguo testamento.<\/p>\n<p><iframe loading=\"lazy\" title=\"El Arrebatamiento de la Iglesia | \u00bfC\u00f3mo suceder\u00e1?\" width=\"500\" height=\"281\" src=\"https:\/\/www.youtube.com\/embed\/O4p9MYUCxNU?feature=oembed\" frameborder=\"0\" allow=\"accelerometer; autoplay; clipboard-write; encrypted-media; gyroscope; picture-in-picture; web-share\" referrerpolicy=\"strict-origin-when-cross-origin\" allowfullscreen><\/iframe><\/p>\n<h2>\u00bfQu\u00e9 es el arrebatamiento de la Iglesia?<\/h2>\n<p>Es una evacuaci\u00f3n masiva de los seguidores fieles a Yeshua donde Dios los sacar\u00e1 de la tierra para llevarlos al cielo y as\u00ed guardarlos de los hechos que tendr\u00e1n lugar durante el periodo de la tribulaci\u00f3n.<\/p>\n<p><img loading=\"lazy\" decoding=\"async\" class=\"aligncenter wp-image-5833 size-full\" src=\"https:\/\/ropacristiana.online\/wp-content\/uploads\/2024\/03\/Arrebatamiento-Inminente.jpg\" alt=\"Arrebatamiento Inminente\" width=\"390\" height=\"244\" srcset=\"https:\/\/ropacristiana.online\/blog\/wp-content\/uploads\/2024\/03\/Arrebatamiento-Inminente.jpg 390w, https:\/\/ropacristiana.online\/blog\/wp-content\/uploads\/2024\/03\/Arrebatamiento-Inminente-300x188.jpg 300w\" sizes=\"auto, (max-width: 390px) 100vw, 390px\" \/><\/p>\n<blockquote>\n<p style=\"text-align: justify;\"><span id=\"es-TLA-25229\" class=\"text 1Thess-4-15\">Por eso les decimos, de acuerdo con lo que el Se\u00f1or Jes\u00fas nos ense\u00f1\u00f3, que los que a\u00fan vivamos cuando \u00e9l venga nos reuniremos con \u00e9l, despu\u00e9s de que se hayan reunido con \u00e9l los que estaban muertos.<\/span>\u00a0<span id=\"es-TLA-25230\" class=\"text 1Thess-4-16\">Porque cuando Dios d\u00e9 la orden por medio del jefe de los \u00e1ngeles, y oigamos que la trompeta anuncia que el Se\u00f1or Jes\u00fas baja del cielo, los primeros en resucitar ser\u00e1n los que antes de morir confiaron en \u00e9l.<\/span> <span id=\"es-TLA-25231\" class=\"text 1Thess-4-17\">Despu\u00e9s Dios nos llevar\u00e1 a nosotros, los que estemos vivos en ese momento, y nos reunir\u00e1 en las nubes con los dem\u00e1s. All\u00ed, todos juntos nos encontraremos con el Se\u00f1or Jes\u00fas, y nos quedaremos con \u00e9l para siempre.<\/span> <span id=\"es-TLA-25232\" class=\"text 1Thess-4-18\"><sup class=\"versenum\">\u00a0<\/sup>As\u00ed que, an\u00edmense los unos a los otros con estas ense\u00f1anzas. <strong>1 Tesalonicenses 4: 15-18 TLA<\/strong><\/span><\/p>\n<\/blockquote>\n<h2>\u00bfD\u00f3nde se encuentra el cielo del cual habla la Biblia?<\/h2>\n<p style=\"text-align: justify;\">Sabemos que Dios es Esp\u00edritu, no es humano como nosotros ni posee una forma material, por ende; su persona al igual que la ciudad donde el habita no es visible para los ojos humanos.<\/p>\n<h3 style=\"text-align: justify;\"><strong>Primer cielo (cielo azul)<\/strong><\/h3>\n<p style=\"text-align: justify;\">Si usted de d\u00eda alza sus ojos arriba, podr\u00e1 ver claramente un solo cielo, el cielo azul cuya tonalidad es formada por el efecto que producen los gases y part\u00edculas cuando la luz del sol atraviesa la capa de ozono. En resumen es el cielo donde se desenvuelven las aves y las criaturas voladoras que conocemos, donde incluso los hombres podemos viajar.<\/p>\n<p><img loading=\"lazy\" decoding=\"async\" class=\"aligncenter wp-image-5838 size-large\" src=\"https:\/\/ropacristiana.online\/wp-content\/uploads\/2024\/03\/cielo-azul-1024x460.jpg\" alt=\"cielo azul\" width=\"1024\" height=\"460\" srcset=\"https:\/\/ropacristiana.online\/blog\/wp-content\/uploads\/2024\/03\/cielo-azul-1024x460.jpg 1024w, https:\/\/ropacristiana.online\/blog\/wp-content\/uploads\/2024\/03\/cielo-azul-300x135.jpg 300w, https:\/\/ropacristiana.online\/blog\/wp-content\/uploads\/2024\/03\/cielo-azul-768x345.jpg 768w, https:\/\/ropacristiana.online\/blog\/wp-content\/uploads\/2024\/03\/cielo-azul.jpg 1200w\" sizes=\"auto, (max-width: 1024px) 100vw, 1024px\" \/><\/p>\n<blockquote>\n<p style=\"text-align: justify;\"><span id=\"es-RVR1960-20\" class=\"text Gen-1-20\">Dijo Dios: Produzcan las aguas seres vivientes, y aves que vuelen sobre la tierra, en la abierta expansi\u00f3n de los cielos. <\/span><span id=\"es-RVR1960-21\" class=\"text Gen-1-21\">Y cre\u00f3 Dios los grandes monstruos marinos, y todo ser viviente que se mueve, que las aguas produjeron seg\u00fan su g\u00e9nero, y toda ave alada seg\u00fan su especie. Y vio Dios que era bueno. <strong>G\u00e9nesis 1:20-21 RV1960<\/strong><\/span><\/p>\n<\/blockquote>\n<p style=\"text-align: justify;\">Este es el cielo donde habitar\u00edan las criaturas que necesitan el oxigeno para vivir. Donde fen\u00f3menos como el viento, la lluvia, etc. tienen lugar.<\/p>\n<h3 style=\"text-align: justify;\"><strong>Segundo cielo (cielo celeste)<\/strong><\/h3>\n<p style=\"text-align: justify;\">El cielo celeste es aquel sobre el cual acontecimientos macros tendr\u00edan lugar seg\u00fan los designios de Dios,. Fen\u00f3menos universales y planetarios, meteoros, galaxias, cosas que para el hombre aun son desconocidas y misteriosas. La Biblia nos muestra este cielo como aquel donde los milagros de Dios se hacen evidentes para el que tiene sentido com\u00fan y donde seres como los \u00e1ngeles tambi\u00e9n desempe\u00f1an una acci\u00f3n mas recurrente.<\/p>\n<p><img loading=\"lazy\" decoding=\"async\" class=\"aligncenter wp-image-5839 size-large\" src=\"https:\/\/ropacristiana.online\/wp-content\/uploads\/2024\/03\/cielo-celeste-1024x449.jpg\" alt=\"cielo celeste\" width=\"1024\" height=\"449\" srcset=\"https:\/\/ropacristiana.online\/blog\/wp-content\/uploads\/2024\/03\/cielo-celeste-1024x449.jpg 1024w, https:\/\/ropacristiana.online\/blog\/wp-content\/uploads\/2024\/03\/cielo-celeste-300x132.jpg 300w, https:\/\/ropacristiana.online\/blog\/wp-content\/uploads\/2024\/03\/cielo-celeste-768x337.jpg 768w, https:\/\/ropacristiana.online\/blog\/wp-content\/uploads\/2024\/03\/cielo-celeste.jpg 1200w\" sizes=\"auto, (max-width: 1024px) 100vw, 1024px\" \/><\/p>\n<blockquote><p><span style=\"text-align: justify;\">T\u00fa solo eres Jehov\u00e1; t\u00fa hiciste los cielos, y <\/span><strong style=\"text-align: justify;\">los cielos de los cielos<\/strong><span style=\"text-align: justify;\">, con todo su ej\u00e9rcito, la tierra y todo lo que est\u00e1 en ella, los mares y todo lo que hay en ellos; y t\u00fa vivificas todas estas cosas, y los ej\u00e9rcitos de los cielos te adoran. <\/span><strong style=\"text-align: justify;\">Nehem\u00edas 9:6<\/strong><\/p><\/blockquote>\n<p style=\"text-align: justify;\">Los <strong>cielos de los cielos<\/strong> se refiere al espacio que esta mas arriba del cielo azul, recordemos que para los tiempos antiguos no exist\u00edan telescopios, por lo que el autor expresaba su descripci\u00f3n de este cielo de esa forma.<\/p>\n<p style=\"text-align: justify;\">Dios cuenta con millares de millares de \u00e1ngeles a su servicio que recorren el universo para realizar sus planes. Sin embargo, recordemos que una tercera parte de estos \u00e1ngeles de Dios se rebelo contra \u00c9l y como castigo fueron arrojados desde el <strong>cielo de Dios<\/strong> hasta el segundo cielo, el <strong>cielo celeste<\/strong>.<\/p>\n<blockquote>\n<p style=\"text-align: justify;\">Porque no tenemos lucha contra sangre y carne, sino contra principados, contra potestades, contra los gobernadores de las tinieblas de este siglo, contra huestes espirituales de maldad en las regiones celestes. <strong>Efesios 6:12\u00a0<\/strong><\/p>\n<\/blockquote>\n<p style=\"text-align: justify;\">De esta forma el segundo cielo o el universo visible e invisible se ha convertido en el lugar donde muchas de estas figuras angelicales malvadas habitan y desde all\u00ed intentan influenciar negativamente a la humanidad. Esta es la raz\u00f3n por la cual en otras culturas orientales, creencias como nueva era, rosacruces, gnosticismo, ocultismo, etc. aseguran comunicarse con seres espirituales m\u00edsticos, extraterrestres o seres ascendidos como ellos le llaman. Lo que no saben es que muchos de estos seres en realidad son \u00e1ngeles rebeldes que no obedecen al Dios Eterno, sino que vagan por el universo tomando diversas formas y nombres para traer desorden y confusi\u00f3n a quienes en su ignorancia los consultan.<\/p>\n<p style=\"text-align: justify;\">Llegados a este punto pudiera alguien decir que en realidad despu\u00e9s de todo esto al final es un solo cielo, pero aqu\u00ed estamos explicando la forma como desde las escrituras se nos muestran estos espacios para narrar un describir un hecho concreto. De aqu\u00ed que exista esta divisi\u00f3n en t\u00e9rminos aunque sabemos que el cielo-universo es una sola creaci\u00f3n.<\/p>\n<h3 style=\"text-align: justify;\"><strong>Tercer cielo (Cielo de Dios)<\/strong><\/h3>\n<p style=\"text-align: justify;\">Es el espacio donde Dios tiene su trono y su ciudad; visto desde la narrativa B\u00edblica. As\u00ed como para un ser vivo es imposible contemplar el universo en su totalidad desde la tierra, porque solo vera el cielo azul.\u00a0 As\u00ed mismo no es posible contemplar o descubrir el cielo de Dios desde el primer y segundo cielo.<\/p>\n<p><img loading=\"lazy\" decoding=\"async\" class=\"aligncenter wp-image-5840 size-large\" src=\"https:\/\/ropacristiana.online\/wp-content\/uploads\/2024\/03\/cielo-de-Dios-1024x585.jpg\" alt=\"cielo celeste\" width=\"1024\" height=\"585\" srcset=\"https:\/\/ropacristiana.online\/blog\/wp-content\/uploads\/2024\/03\/cielo-de-Dios-1024x585.jpg 1024w, https:\/\/ropacristiana.online\/blog\/wp-content\/uploads\/2024\/03\/cielo-de-Dios-300x171.jpg 300w, https:\/\/ropacristiana.online\/blog\/wp-content\/uploads\/2024\/03\/cielo-de-Dios-768x439.jpg 768w, https:\/\/ropacristiana.online\/blog\/wp-content\/uploads\/2024\/03\/cielo-de-Dios.jpg 1400w\" sizes=\"auto, (max-width: 1024px) 100vw, 1024px\" \/><\/p>\n<p>En pocas palabras, el tercer cielo no es accesible porque es un espacio espiritual donde solo Dios puede darnos acceso:<\/p>\n<blockquote>\n<p style=\"text-align: justify;\">Si os he hablado de las cosas terrenales, y no cre\u00e9is, \u00bfC\u00f3mo creer\u00e9is si os hablo de las celestiales? Nadie ha subido al cielo, sino el que baj\u00f3 del cielo, es decir, el Hijo del Hombre que est\u00e1 en el cielo. <strong>Juan 3:12-13<\/strong><\/p>\n<p style=\"text-align: justify;\">Conozco a un hombre en Cristo, que hace catorce a\u00f1os (si en el cuerpo, no lo s\u00e9; si fuera del cuerpo, no lo s\u00e9; Dios lo sabe) fue arrebatado hasta el tercer cielo. Y conozco al tal hombre (si en el cuerpo, o fuera del cuerpo, no lo s\u00e9; Dios lo sabe), que fue arrebatado al para\u00edso, donde oy\u00f3 palabras inefables que no le es dado al hombre expresar. <strong>2 Corintios 12:2-4<\/strong><\/p>\n<\/blockquote>\n<p style=\"text-align: justify;\">El cielo de Dios es el lugar donde el Se\u00f1or habita junto con sus \u00e1ngeles, querubines, serafines, etc. Tambi\u00e9n es el lugar donde las almas humanas fieles a Dios habitan seg\u00fan sus muchas promesas. Es un espacio infinito donde prevalece la santidad, el amor y la paz. De este lugar fueron arrojados los \u00e1ngeles rebeldes y satan\u00e1s, a este lugar no puede acceder ning\u00fan alma que no haya sido justificada por Dios.<\/p>\n<div class=\"poetry\">\n<blockquote>\n<p class=\"line\" style=\"text-align: justify;\"><span id=\"es-RVR1960-14245\" class=\"text Ps-24-3\">\u00bfQui\u00e9n subir\u00e1 al monte de Jehov\u00e1? <\/span><span class=\"text Ps-24-3\">\u00bfY qui\u00e9n estar\u00e1 en su lugar santo? <\/span>El limpio de manos y puro de coraz\u00f3n. El que no ha elevado su alma a cosas vanas, Ni jurado con enga\u00f1o. <strong>Salmos 24:3-4<\/strong><\/p>\n<\/blockquote>\n<p style=\"text-align: justify;\">Es a este cielo a donde ser\u00e1n llevados todos los seres humanos en el arrebatamiento.<\/p>\n<h3 style=\"text-align: justify;\">\u00bfPero si es un lugar espiritual, invisible? \u00bfC\u00f3mo entraran?<\/h3>\n<p style=\"text-align: justify;\">El arrebatamiento no solo es descrito como una evacuaci\u00f3n, sino como una transformaci\u00f3n. Los creyentes no solo ser\u00e1n llevados al cielo, sino que sus cuerpos ser\u00e1n transformados en cuerpos espirituales, no mortales, cuerpos glorificados como el del Se\u00f1or Yeshua al resucitar.<\/p>\n<p><img loading=\"lazy\" decoding=\"async\" class=\"aligncenter wp-image-5843 size-full\" src=\"https:\/\/ropacristiana.online\/wp-content\/uploads\/2024\/03\/cuerpos-transformados.jpg\" alt=\"cuerpos transformados\" width=\"737\" height=\"314\" srcset=\"https:\/\/ropacristiana.online\/blog\/wp-content\/uploads\/2024\/03\/cuerpos-transformados.jpg 737w, https:\/\/ropacristiana.online\/blog\/wp-content\/uploads\/2024\/03\/cuerpos-transformados-300x128.jpg 300w\" sizes=\"auto, (max-width: 737px) 100vw, 737px\" \/><\/p>\n<blockquote>\n<p style=\"text-align: justify;\">He aqu\u00ed, os digo un misterio: No todos dormiremos; pero todos seremos transformados, en un momento, en un abrir y cerrar de ojos, a la final trompeta; porque se tocar\u00e1 la trompeta, y los muertos ser\u00e1n resucitados incorruptibles, y nosotros seremos transformados. Porque es necesario que esto corruptible se vista de incorrupci\u00f3n, y esto mortal se vista de inmortalidad. Y cuando esto corruptible se haya vestido de incorrupci\u00f3n, y esto mortal se haya vestido de inmortalidad, entonces se cumplir\u00e1 la palabra que est\u00e1 escrita: Sorbida es la muerte en victoria. <strong>1 Corintios 15:51-54<\/strong><\/p>\n<\/blockquote>\n<\/div>\n<div class=\"poetry\">\n<p style=\"text-align: justify;\"><img loading=\"lazy\" decoding=\"async\" class=\"size-medium wp-image-5841 alignleft\" src=\"https:\/\/ropacristiana.online\/wp-content\/uploads\/2024\/03\/cuerpos-nuevos-en-el-arrebatamiento-300x243.jpg\" alt=\"cuerpos nuevos en el arrebatamiento\" width=\"300\" height=\"243\" srcset=\"https:\/\/ropacristiana.online\/blog\/wp-content\/uploads\/2024\/03\/cuerpos-nuevos-en-el-arrebatamiento-300x243.jpg 300w, https:\/\/ropacristiana.online\/blog\/wp-content\/uploads\/2024\/03\/cuerpos-nuevos-en-el-arrebatamiento.jpg 407w\" sizes=\"auto, (max-width: 300px) 100vw, 300px\" \/>Esta transformaci\u00f3n no solo ser\u00e1 para todos los creyentes fieles vivos en la tierra, sino para aquellos que murieron justificados por Dios y ahora se encuentran en el cielo como almas espirituales. El detalle esta es que este cuerpo glorificado no es un alma espiritual solamente, sino que poseer\u00e1 caracter\u00edsticas \u00fanicas como el manifestarse f\u00edsicamente al igual que Yeshua al resucitar. En resumen, es un cuerpo diferente al que tienen las almas humanas que habitan hoy en el cielo.<\/p>\n<p style=\"text-align: justify;\">De esta manera, tanto los que duermen en el Se\u00f1or como los vivos fieles ser\u00e1n transformados para recibir un cuerpo incorruptible, que no morir\u00e1 jam\u00e1s. Tanto quienes descansan en Dios como los que aun viven esperan esta promesa.<\/p>\n<h2>\u00bfCu\u00e1ndo ocurrir\u00e1 el arrebatamiento?<\/h2>\n<p style=\"text-align: justify;\">No existe una fecha concreta, he aqu\u00ed nuestra necesidad de estar alertas ya que Yeshua nos indica:<\/p>\n<blockquote><p>Pero del d\u00eda y la hora nadie sabe, ni aun los \u00e1ngeles de los cielos, sino s\u00f3lo mi Padre. <strong>Mateo 24:36\u00a0<\/strong><\/p><\/blockquote>\n<p style=\"text-align: justify;\">El d\u00eda del arrebatamiento es un misterio que Dios se reserva, al igual que muchos otros como est\u00e1 escrito:<\/p>\n<blockquote>\n<p style=\"text-align: justify;\">Las cosas secretas pertenecen a Jehov\u00e1 nuestro Dios; mas las reveladas son para nosotros y para nuestros hijos para siempre, para que cumplamos todas las palabras de esta ley. <strong>Deuteronomio 29:29<\/strong><\/p>\n<\/blockquote>\n<p>Sin embargo, lo que si nos dice la Biblia es una serie de se\u00f1ales para conocer la \u00e9poca en la que esto tendr\u00e1 lugar, describi\u00e9ndonos algunos acontecimientos importantes, uno de ellos; es la par\u00e1bola de la higuera:<\/p>\n<blockquote>\n<p style=\"text-align: justify;\">De la higuera aprended la par\u00e1bola: cuando ya su rama\u00a0<b>est\u00e1<\/b>\u00a0tierna y brotan las hojas, sab\u00e9is que el\u00a0<b>verano est\u00e1 cerca<\/b>. As\u00ed tambi\u00e9n vosotros cuando veas todas\u00a0<b>estas<\/b>\u00a0cosas, conoced que\u00a0<b>esta cerca<\/b>\u00a0a las puertas. De cierto os digo, que no pasar\u00e1\u00a0<b>est\u00e1<\/b> generaci\u00f3n hasta que todo esto acontezca. <strong>Mateo 24: 32-34<\/strong><\/p>\n<\/blockquote>\n<p style=\"text-align: justify;\">La higuera simboliza a la naci\u00f3n de Israel. El pueblo jud\u00edo estuvo casi 2000 a\u00f1os dispersado a trav\u00e9s de diversas naciones luego de la destrucci\u00f3n de Jerusal\u00e9n en el a\u00f1o 70 a manos del ejercito Romano. Sin embargo, de acuerdo a la <strong>profec\u00eda del Valle de los huesos<\/strong> secos narrada en Ezequiel 37 la naci\u00f3n de Israel volver\u00eda a su tierra:<\/p>\n<blockquote>\n<p style=\"text-align: justify;\"><span id=\"es-RVR1960-21410\" class=\"text Ezek-37-11\">Me dijo luego: Hijo de hombre, todos estos huesos son la casa de Israel. He aqu\u00ed, ellos dicen: Nuestros huesos se secaron, y pereci\u00f3 nuestra esperanza, y somos del todo destruidos. <\/span><span id=\"es-RVR1960-21411\" class=\"text Ezek-37-12\">Por tanto, profetiza, y diles: As\u00ed ha dicho Jehov\u00e1 el Se\u00f1or: He aqu\u00ed yo abro vuestros sepulcros, pueblo m\u00edo, y os har\u00e9 subir de vuestras sepulturas, y os traer\u00e9 a la tierra de Israel.\u00a0 <strong>Ezequiel 37-11-12<\/strong><\/span><\/p>\n<\/blockquote>\n<p style=\"text-align: justify;\">Este regreso ocurri\u00f3 en el a\u00f1o 1948 cuando la Organizaci\u00f3n de Naciones Unidas (ONU) proclam\u00f3 la creaci\u00f3n del estado de Israel aboliendo algunas leyes anti migratorias que imped\u00edan a los jud\u00edos volver a su tierra y una guerra en la que Israel sali\u00f3 vencedor derrotando a algunas naciones \u00e1rabes que se opon\u00edan a su ocupaci\u00f3n, declarando as\u00ed su independencia que sigue vigente hasta el d\u00eda de hoy.<\/p>\n<p><img loading=\"lazy\" decoding=\"async\" class=\"aligncenter wp-image-5842 size-full\" src=\"https:\/\/ropacristiana.online\/wp-content\/uploads\/2024\/03\/Independencia-de-Israel-1948.jpg\" alt=\"Independencia de Israel 1948\" width=\"832\" height=\"358\" srcset=\"https:\/\/ropacristiana.online\/blog\/wp-content\/uploads\/2024\/03\/Independencia-de-Israel-1948.jpg 832w, https:\/\/ropacristiana.online\/blog\/wp-content\/uploads\/2024\/03\/Independencia-de-Israel-1948-300x129.jpg 300w, https:\/\/ropacristiana.online\/blog\/wp-content\/uploads\/2024\/03\/Independencia-de-Israel-1948-768x330.jpg 768w\" sizes=\"auto, (max-width: 832px) 100vw, 832px\" \/><\/p>\n<p style=\"text-align: justify;\">Lo que nos ense\u00f1a la par\u00e1bola de la higuera es una rama tierna brotando hojas verdes, justamente como el nuevo nacimiento de la naci\u00f3n de Israel donde al ser ocupada esta tierra nuevamente por jud\u00edos, la vida ha empezado a brotar. El <strong>verano<\/strong> o tiempo de la cosecha se refiere a la \u00e9poca en que el arrebatamiento tendr\u00e1 lugar.<\/p>\n<p style=\"text-align: justify;\">En el pasado muchas personas predijeron que este acontecimiento tendr\u00eda lugar en determinado a\u00f1o o d\u00eda, pero la verdad es que esto no era posible que pasara si primero no se cumpl\u00edan algunas condiciones prof\u00e9ticas establecidas en la Biblia, especialmente el regreso de los jud\u00edos a su tierra sagrada.<\/p>\n<h2>La restauraci\u00f3n de Israel: Un proceso de 70 semanas<\/h2>\n<p style=\"text-align: justify;\">Dios ha estado interesado desde el principio en restaurar a la naci\u00f3n de Israel de una forma total y permanente, pero esto ha supuesto un gran reto debido a la terquedad del pueblo jud\u00edo en obedecer completamente a Dios y a su Palabra. Esto podemos verlo a trav\u00e9s de las escrituras. Crear un coraz\u00f3n obediente, integro en todo su pueblo no es tarea f\u00e1cil, por lo que Dios; luego de la destrucci\u00f3n de Jerusal\u00e9n 587 A.C por el ejercito de Babilonia y la oraci\u00f3n ferviente de Daniel decidi\u00f3 establecer un plan de restauraci\u00f3n que se dividir\u00eda en fases y que tendr\u00eda como resultado un pueblo santo y fiel:<\/p>\n<blockquote>\n<p style=\"text-align: justify;\">Setenta semanas est\u00e1n determinadas sobre tu pueblo y sobre tu santa ciudad, para terminar la prevaricaci\u00f3n, y poner fin al pecado, y expiar la iniquidad, para traer la justicia perdurable, y sellar la visi\u00f3n y la profec\u00eda, y ungir al Santo de los santos. <strong>Daniel 9:24<\/strong><\/p>\n<\/blockquote>\n<p style=\"text-align: justify;\">La semana en la Biblia representa un periodo de 7 a\u00f1os. 70 semanas corresponden a 70\u00d77 = 490 a\u00f1os. Estos 490 a\u00f1os son el tiempo en el que Dios llevar\u00e1 a cabo esta transformaci\u00f3n. Sin embargo, tambi\u00e9n se nos explica en las profec\u00edas que estos 490 a\u00f1os no ser\u00e1n seguidos, sino que se dividir\u00e1n por fases seg\u00fan explica el \u00e1ngel:<\/p>\n<blockquote>\n<p style=\"text-align: justify;\"><span id=\"es-RVR1960-22015\" class=\"text Dan-9-25\">Sabe, pues, y entiende, que desde la salida de la orden para restaurar y edificar a Jerusal\u00e9n hasta el Mes\u00edas Pr\u00edncipe, habr\u00e1 siete semanas, y sesenta y dos semanas; se volver\u00e1 a edificar la plaza y el muro en tiempos angustiosos. <\/span><span id=\"es-RVR1960-22016\" class=\"text Dan-9-26\">Y despu\u00e9s de las sesenta y dos semanas se quitar\u00e1 la vida al Mes\u00edas, mas no por s\u00ed; y el pueblo de un pr\u00edncipe que ha de venir destruir\u00e1 la ciudad y el santuario; y su fin ser\u00e1 con inundaci\u00f3n, y hasta el fin de la guerra durar\u00e1n las devastaciones. <strong>Daniel 9:25-26<\/strong><\/span><\/p>\n<\/blockquote>\n<p><img loading=\"lazy\" decoding=\"async\" class=\"aligncenter wp-image-5844 size-full\" src=\"https:\/\/ropacristiana.online\/wp-content\/uploads\/2024\/03\/70-semanas-de-Daniel.jpg\" alt=\"70 semanas de Daniel\" width=\"1572\" height=\"558\" srcset=\"https:\/\/ropacristiana.online\/blog\/wp-content\/uploads\/2024\/03\/70-semanas-de-Daniel.jpg 1572w, https:\/\/ropacristiana.online\/blog\/wp-content\/uploads\/2024\/03\/70-semanas-de-Daniel-300x106.jpg 300w, https:\/\/ropacristiana.online\/blog\/wp-content\/uploads\/2024\/03\/70-semanas-de-Daniel-1024x363.jpg 1024w, https:\/\/ropacristiana.online\/blog\/wp-content\/uploads\/2024\/03\/70-semanas-de-Daniel-768x273.jpg 768w, https:\/\/ropacristiana.online\/blog\/wp-content\/uploads\/2024\/03\/70-semanas-de-Daniel-1536x545.jpg 1536w\" sizes=\"auto, (max-width: 1572px) 100vw, 1572px\" \/><\/p>\n<p style=\"text-align: justify;\"><span id=\"es-RVR1960-22015\" class=\"text Dan-9-25\">\u00ab<strong>desde la salida de la orden para restaurar y edificar a Jerusal\u00e9n<\/strong>\u00bb Estas primeras 7 semanas son los 49 a\u00f1os que le tomo a Esdras reconstruir el templo que fue destruido por el ejercito de Nabucodonosor II. Los 49 a\u00f1os finalizan con el ultimo profeta del antiguo testamento, Malaqu\u00edas. Estas son esas primeras 7 semanas \u00ab<strong>habr\u00e1 siete semanas<\/strong>\u00ab.<\/span><\/p>\n<p style=\"text-align: justify;\">\u00ab<span id=\"es-RVR1960-22015\" class=\"text Dan-9-25\"><strong>y sesenta y dos semanas; se volver\u00e1 a edificar la plaza y el muro en tiempos angustiosos.<\/strong>\u00bb Estas 62 semanas o 434 a\u00f1os corresponden a ese \u00ab<strong>tiempo angustioso<\/strong>\u00bb en que el pueblo jud\u00edo no tuvo ning\u00fan profeta seg\u00fan lo registra la Biblia. Estos 434 a\u00f1os culminan con el nacimiento y muerte de Yeshua \u00ab<span id=\"es-RVR1960-22016\" class=\"text Dan-9-26\"><strong>se quitar\u00e1 la vida al Mes\u00edas<\/strong>\u00ab.<\/span><\/span><\/p>\n<p style=\"text-align: justify;\">Hasta ahora van 69 semanas, quedando una pendiente. Esta ultima semana, es la que tendr\u00e1 lugar durante el tiempo de la tribulaci\u00f3n, donde Dios centrara su esfuerzo en volver a tratar con su pueblo Israel.<\/p>\n<h3 style=\"text-align: justify;\">\u00bfPero, si falta una semana, que ha pasado durante todo este tiempo, porque se ha detenido ese proceso?<\/h3>\n<p style=\"text-align: justify;\">La respuesta esta en la misma Biblia, donde se nos narra que este proceso se ha detenido con la llegada del Mes\u00edas y el periodo de gracia donde Dios ha extendido su salvaci\u00f3n mas all\u00e1 de pueblo jud\u00edo.<\/p>\n<blockquote>\n<p style=\"text-align: justify;\"><span id=\"es-RVR1960-28182\" class=\"text Rom-9-25\">Como tambi\u00e9n en Oseas dice: <\/span><span class=\"indent-1\"><span class=\"text Rom-9-25\">Llamar\u00e9 pueblo m\u00edo al que no era mi pueblo, <\/span><\/span><span class=\"indent-1\"><span class=\"text Rom-9-25\">Y a la no amada, amada. <strong>Romanos 9:25<\/strong><\/span><\/span><\/p>\n<p style=\"text-align: justify;\"><span id=\"es-RVR1960-26057\" class=\"text John-1-11\"><strong>A lo suyo vino<\/strong>, y los suyos no le recibieron. <\/span><span id=\"es-RVR1960-26058\" class=\"text John-1-12\">Mas a todos los que le recibieron, a los que creen en su nombre, les dio potestad de ser hechos hijos de Dios. <strong>Juan 1:11-12<\/strong><\/span><\/p>\n<\/blockquote>\n<p style=\"text-align: justify;\">Este semana prof\u00e9tica se detiene en el momento en que el Mes\u00edas viene a la tierra y no es aceptado por el pueblo de Israel, extendiendo as\u00ed la salvaci\u00f3n de Dios al pueblo gentil (El resto de las naciones del mundo). Este es el periodo de la era actual que comenz\u00f3 hace poco mas de 2000 a\u00f1os. Durante este periodo de tiempo, el conocimiento del Dios de Israel ha trascendido mas all\u00e1 de sus fronteras al resto de paises. Con el mensaje de Mes\u00edas el mundo pudo encontrar una respuesta y una luz en medio de la oscuridad, la esperanza de un salvador para redimir sus pecados.<\/p>\n<p><img loading=\"lazy\" decoding=\"async\" class=\"aligncenter wp-image-5845 size-full\" src=\"https:\/\/ropacristiana.online\/wp-content\/uploads\/2024\/03\/Israel-restaurado.jpg\" alt=\"Israel restaurado\" width=\"900\" height=\"397\" srcset=\"https:\/\/ropacristiana.online\/blog\/wp-content\/uploads\/2024\/03\/Israel-restaurado.jpg 900w, https:\/\/ropacristiana.online\/blog\/wp-content\/uploads\/2024\/03\/Israel-restaurado-300x132.jpg 300w, https:\/\/ropacristiana.online\/blog\/wp-content\/uploads\/2024\/03\/Israel-restaurado-768x339.jpg 768w\" sizes=\"auto, (max-width: 900px) 100vw, 900px\" \/><\/p>\n<p style=\"text-align: justify;\">Sin embargo, este periodo de gracia tambi\u00e9n tendr\u00e1 un fin, ya que el prop\u00f3sito de Dios no solo es el salvar al resto de naciones, sino a muchos jud\u00edos que hasta el d\u00eda de hoy no creen en Yeshua como el Mes\u00edas prometido. De esta forma, la \u00faltima semana Dios centrar\u00e1 su atenci\u00f3n en su pueblo Israel, para cumplir as\u00ed con la promesa dada a los profetas: \u00ab<em><strong>para terminar la prevaricaci\u00f3n, y poner fin al pecado, y expiar la iniquidad, para traer la justicia perdurable, y sellar la visi\u00f3n y la profec\u00eda, y ungir al Santo de los santos<\/strong><\/em>\u00ab.<\/p>\n<h2>\u00bfQu\u00e9 significado tiene este proceso de Israel para la Iglesia?<\/h2>\n<p style=\"text-align: justify;\">Mucho, porque la Iglesia de Cristo conformada por jud\u00edos y gentiles que creen en Yeshua estar\u00e1 en la tierra hasta el d\u00eda que este periodo de gracia termine y comience la ultima semana, en pocas palabras; la inminente llegada de la semana setenta nos alerta que el arrebatamiento esta cerca y esto lo podemos saber cuando examinamos el escenario actual en que vive el pueblo de Israel y las se\u00f1ales que nos dan los acontecimientos actuales.<\/p>\n<p style=\"text-align: justify;\">En este sentido, no podemos saber el d\u00eda exacto en que ocurrir\u00e1 el arrebatamiento, pero mirando a Israel (El reloj prof\u00e9tico de Dios) podemos ver algunas se\u00f1ales que nos indican que ese momento cada vez es mas inminente. Esta es la raz\u00f3n por la que la Iglesia de Cristo no debe ser ignorante de los sucesos que ocurren en el mundo, al contrario, debe estar informada y alerta para nada nos tome por sorpresa.<\/p>\n<p><img loading=\"lazy\" decoding=\"async\" class=\"alignright wp-image-5846 size-full\" src=\"https:\/\/ropacristiana.online\/wp-content\/uploads\/2024\/03\/Israel-en-la-actualidad.jpg\" alt=\"Israel en la actualidad\" width=\"825\" height=\"420\" srcset=\"https:\/\/ropacristiana.online\/blog\/wp-content\/uploads\/2024\/03\/Israel-en-la-actualidad.jpg 825w, https:\/\/ropacristiana.online\/blog\/wp-content\/uploads\/2024\/03\/Israel-en-la-actualidad-300x153.jpg 300w, https:\/\/ropacristiana.online\/blog\/wp-content\/uploads\/2024\/03\/Israel-en-la-actualidad-768x391.jpg 768w\" sizes=\"auto, (max-width: 825px) 100vw, 825px\" \/><\/p>\n<p style=\"text-align: justify;\">Hasta aqu\u00ed dejaremos este estudio para no hacerlo tan extenso, sin embargo, aun faltan muchas cosas importantes que decir sobre este tema. En la siguiente parte de este responderemos a muchas m\u00e1s dudas sobre este acontecimiento. Mientras ve dej\u00e1ndonos tus preguntas en los comentarios.<\/p>\n<p>Que Dios te bendiga!<\/p>\n<\/div>\n<\/div>\n","protected":false},"excerpt":{"rendered":"<p>El arrebatamiento de la Iglesia es uno de los acontecimientos mas importantes que tendr\u00e1n lugar en el futuro cercano, pero para muchos, especialmente para los no creyentes es algo de lo cual no se sabe mucho. De hecho no forma parte de la fe cat\u00f3lica ni de muchas religiones que establecen su fe de alguna [&hellip;]<\/p>\n","protected":false},"author":1,"featured_media":5805,"comment_status":"open","ping_status":"closed","sticky":false,"template":"","format":"standard","meta":{"footnotes":""},"categories":[131],"tags":[],"class_list":["post-5775","post","type-post","status-publish","format-standard","has-post-thumbnail","hentry","category-estudios"],"yoast_head":"<!-- This site is optimized with the Yoast SEO plugin v27.2 - https:\/\/yoast.com\/product\/yoast-seo-wordpress\/ -->\n<title>El Arrebatamiento de la Iglesia (Primera parte)<\/title>\n<meta name=\"description\" content=\"El arrebatamiento de la Iglesia es uno de los acontecimientos mas importantes que tendr\u00e1n lugar en el futuro cercano, pero para muchos, especialmente para\" \/>\n<meta name=\"robots\" content=\"index, follow, max-snippet:-1, max-image-preview:large, max-video-preview:-1\" \/>\n<link rel=\"canonical\" href=\"https:\/\/ropacristiana.online\/blog\/el-arrebatamiento-de-la-iglesia-primera-parte\/\" \/>\n<meta property=\"og:locale\" content=\"es_ES\" \/>\n<meta property=\"og:type\" content=\"article\" \/>\n<meta property=\"og:title\" content=\"El Arrebatamiento de la Iglesia (Primera parte)\" \/>\n<meta property=\"og:description\" content=\"El arrebatamiento de la Iglesia es uno de los acontecimientos mas importantes que tendr\u00e1n lugar en el futuro cercano, pero para muchos, especialmente para\" \/>\n<meta property=\"og:url\" content=\"https:\/\/ropacristiana.online\/blog\/el-arrebatamiento-de-la-iglesia-primera-parte\/\" \/>\n<meta property=\"og:site_name\" content=\"Ropa Cristiana Blog\" \/>\n<meta property=\"article:author\" content=\"https:\/\/www.facebook.com\/moLCys\/\" \/>\n<meta property=\"article:published_time\" content=\"2024-03-29T16:31:33+00:00\" \/>\n<meta property=\"article:modified_time\" content=\"2024-04-20T13:07:30+00:00\" \/>\n<meta property=\"og:image\" content=\"https:\/\/ropacristiana.online\/blog\/wp-content\/uploads\/2024\/03\/El-arrebatamiento-de-la-iglesia-1024x576-1.jpg\" \/>\n\t<meta property=\"og:image:width\" content=\"1024\" \/>\n\t<meta property=\"og:image:height\" content=\"576\" \/>\n\t<meta property=\"og:image:type\" content=\"image\/jpeg\" \/>\n<meta name=\"author\" content=\"Miguel Ortiz\" \/>\n<meta name=\"twitter:card\" content=\"summary_large_image\" \/>\n<meta name=\"twitter:label1\" content=\"Escrito por\" \/>\n\t<meta name=\"twitter:data1\" content=\"Miguel Ortiz\" \/>\n\t<meta name=\"twitter:label2\" content=\"Tiempo de lectura\" \/>\n\t<meta name=\"twitter:data2\" content=\"12 minutos\" \/>\n<script type=\"application\/ld+json\" class=\"yoast-schema-graph\">{\"@context\":\"https:\/\/schema.org\",\"@graph\":[{\"@type\":\"Article\",\"@id\":\"https:\/\/ropacristiana.online\/blog\/el-arrebatamiento-de-la-iglesia-primera-parte\/#article\",\"isPartOf\":{\"@id\":\"https:\/\/ropacristiana.online\/blog\/el-arrebatamiento-de-la-iglesia-primera-parte\/\"},\"author\":{\"name\":\"Miguel Ortiz\",\"@id\":\"https:\/\/ropacristiana.online\/blog\/#\/schema\/person\/dd3f01fd69d582ad0e90c382b5069062\"},\"headline\":\"El Arrebatamiento de la Iglesia (Primera parte)\",\"datePublished\":\"2024-03-29T16:31:33+00:00\",\"dateModified\":\"2024-04-20T13:07:30+00:00\",\"mainEntityOfPage\":{\"@id\":\"https:\/\/ropacristiana.online\/blog\/el-arrebatamiento-de-la-iglesia-primera-parte\/\"},\"wordCount\":3153,\"commentCount\":16,\"publisher\":{\"@id\":\"https:\/\/ropacristiana.online\/blog\/#organization\"},\"image\":{\"@id\":\"https:\/\/ropacristiana.online\/blog\/el-arrebatamiento-de-la-iglesia-primera-parte\/#primaryimage\"},\"thumbnailUrl\":\"https:\/\/ropacristiana.online\/blog\/wp-content\/uploads\/2024\/03\/El-arrebatamiento-de-la-iglesia-1024x576-1.jpg\",\"articleSection\":[\"Estudios\"],\"inLanguage\":\"es\",\"potentialAction\":[{\"@type\":\"CommentAction\",\"name\":\"Comment\",\"target\":[\"https:\/\/ropacristiana.online\/blog\/el-arrebatamiento-de-la-iglesia-primera-parte\/#respond\"]}]},{\"@type\":\"WebPage\",\"@id\":\"https:\/\/ropacristiana.online\/blog\/el-arrebatamiento-de-la-iglesia-primera-parte\/\",\"url\":\"https:\/\/ropacristiana.online\/blog\/el-arrebatamiento-de-la-iglesia-primera-parte\/\",\"name\":\"El Arrebatamiento de la Iglesia (Primera parte)\",\"isPartOf\":{\"@id\":\"https:\/\/ropacristiana.online\/blog\/#website\"},\"primaryImageOfPage\":{\"@id\":\"https:\/\/ropacristiana.online\/blog\/el-arrebatamiento-de-la-iglesia-primera-parte\/#primaryimage\"},\"image\":{\"@id\":\"https:\/\/ropacristiana.online\/blog\/el-arrebatamiento-de-la-iglesia-primera-parte\/#primaryimage\"},\"thumbnailUrl\":\"https:\/\/ropacristiana.online\/blog\/wp-content\/uploads\/2024\/03\/El-arrebatamiento-de-la-iglesia-1024x576-1.jpg\",\"datePublished\":\"2024-03-29T16:31:33+00:00\",\"dateModified\":\"2024-04-20T13:07:30+00:00\",\"description\":\"El arrebatamiento de la Iglesia es uno de los acontecimientos mas importantes que tendr\u00e1n lugar en el futuro cercano, pero para muchos, especialmente para\",\"breadcrumb\":{\"@id\":\"https:\/\/ropacristiana.online\/blog\/el-arrebatamiento-de-la-iglesia-primera-parte\/#breadcrumb\"},\"inLanguage\":\"es\",\"potentialAction\":[{\"@type\":\"ReadAction\",\"target\":[\"https:\/\/ropacristiana.online\/blog\/el-arrebatamiento-de-la-iglesia-primera-parte\/\"]}]},{\"@type\":\"ImageObject\",\"inLanguage\":\"es\",\"@id\":\"https:\/\/ropacristiana.online\/blog\/el-arrebatamiento-de-la-iglesia-primera-parte\/#primaryimage\",\"url\":\"https:\/\/ropacristiana.online\/blog\/wp-content\/uploads\/2024\/03\/El-arrebatamiento-de-la-iglesia-1024x576-1.jpg\",\"contentUrl\":\"https:\/\/ropacristiana.online\/blog\/wp-content\/uploads\/2024\/03\/El-arrebatamiento-de-la-iglesia-1024x576-1.jpg\",\"width\":1024,\"height\":576},{\"@type\":\"BreadcrumbList\",\"@id\":\"https:\/\/ropacristiana.online\/blog\/el-arrebatamiento-de-la-iglesia-primera-parte\/#breadcrumb\",\"itemListElement\":[{\"@type\":\"ListItem\",\"position\":1,\"name\":\"Portada\",\"item\":\"https:\/\/ropacristiana.online\/blog\/\"},{\"@type\":\"ListItem\",\"position\":2,\"name\":\"El Arrebatamiento de la Iglesia (Primera parte)\"}]},{\"@type\":\"WebSite\",\"@id\":\"https:\/\/ropacristiana.online\/blog\/#website\",\"url\":\"https:\/\/ropacristiana.online\/blog\/\",\"name\":\"Ropa Cristiana Blog\",\"description\":\"Ropa cristiana de moda para todos los gustos\",\"publisher\":{\"@id\":\"https:\/\/ropacristiana.online\/blog\/#organization\"},\"potentialAction\":[{\"@type\":\"SearchAction\",\"target\":{\"@type\":\"EntryPoint\",\"urlTemplate\":\"https:\/\/ropacristiana.online\/blog\/?s={search_term_string}\"},\"query-input\":{\"@type\":\"PropertyValueSpecification\",\"valueRequired\":true,\"valueName\":\"search_term_string\"}}],\"inLanguage\":\"es\"},{\"@type\":\"Organization\",\"@id\":\"https:\/\/ropacristiana.online\/blog\/#organization\",\"name\":\"Ropa Cristiana Online\",\"url\":\"https:\/\/ropacristiana.online\/blog\/\",\"logo\":{\"@type\":\"ImageObject\",\"inLanguage\":\"es\",\"@id\":\"https:\/\/ropacristiana.online\/blog\/#\/schema\/logo\/image\/\",\"url\":\"https:\/\/ropacristiana.online\/wp-content\/uploads\/2021\/09\/Logo-ropa-cristiana-online.png\",\"contentUrl\":\"https:\/\/ropacristiana.online\/wp-content\/uploads\/2021\/09\/Logo-ropa-cristiana-online.png\",\"width\":531,\"height\":159,\"caption\":\"Ropa Cristiana Online\"},\"image\":{\"@id\":\"https:\/\/ropacristiana.online\/blog\/#\/schema\/logo\/image\/\"}},{\"@type\":\"Person\",\"@id\":\"https:\/\/ropacristiana.online\/blog\/#\/schema\/person\/dd3f01fd69d582ad0e90c382b5069062\",\"name\":\"Miguel Ortiz\",\"image\":{\"@type\":\"ImageObject\",\"inLanguage\":\"es\",\"@id\":\"https:\/\/ropacristiana.online\/blog\/wp-content\/uploads\/2021\/10\/yeshua-mo-150x150.jpg\",\"url\":\"https:\/\/ropacristiana.online\/blog\/wp-content\/uploads\/2021\/10\/yeshua-mo-150x150.jpg\",\"contentUrl\":\"https:\/\/ropacristiana.online\/blog\/wp-content\/uploads\/2021\/10\/yeshua-mo-150x150.jpg\",\"caption\":\"Miguel Ortiz\"},\"description\":\"Especialista en proyectos de internet, marketing digital y desarrollo web. Cristiano y miembro activo de la IEA Pentecostal \\\"La Hermosa\\\", perteneciente a las Asambleas de Dios en Venezuela.\",\"sameAs\":[\"https:\/\/www.facebook.com\/moLCys\/\",\"https:\/\/www.instagram.com\/molcys7\/\"]}]}<\/script>\n<!-- \/ Yoast SEO plugin. -->","yoast_head_json":{"title":"El Arrebatamiento de la Iglesia (Primera parte)","description":"El arrebatamiento de la Iglesia es uno de los acontecimientos mas importantes que tendr\u00e1n lugar en el futuro cercano, pero para muchos, especialmente para","robots":{"index":"index","follow":"follow","max-snippet":"max-snippet:-1","max-image-preview":"max-image-preview:large","max-video-preview":"max-video-preview:-1"},"canonical":"https:\/\/ropacristiana.online\/blog\/el-arrebatamiento-de-la-iglesia-primera-parte\/","og_locale":"es_ES","og_type":"article","og_title":"El Arrebatamiento de la Iglesia (Primera parte)","og_description":"El arrebatamiento de la Iglesia es uno de los acontecimientos mas importantes que tendr\u00e1n lugar en el futuro cercano, pero para muchos, especialmente para","og_url":"https:\/\/ropacristiana.online\/blog\/el-arrebatamiento-de-la-iglesia-primera-parte\/","og_site_name":"Ropa Cristiana Blog","article_author":"https:\/\/www.facebook.com\/moLCys\/","article_published_time":"2024-03-29T16:31:33+00:00","article_modified_time":"2024-04-20T13:07:30+00:00","og_image":[{"width":1024,"height":576,"url":"https:\/\/ropacristiana.online\/blog\/wp-content\/uploads\/2024\/03\/El-arrebatamiento-de-la-iglesia-1024x576-1.jpg","type":"image\/jpeg"}],"author":"Miguel Ortiz","twitter_card":"summary_large_image","twitter_misc":{"Escrito por":"Miguel Ortiz","Tiempo de lectura":"12 minutos"},"schema":{"@context":"https:\/\/schema.org","@graph":[{"@type":"Article","@id":"https:\/\/ropacristiana.online\/blog\/el-arrebatamiento-de-la-iglesia-primera-parte\/#article","isPartOf":{"@id":"https:\/\/ropacristiana.online\/blog\/el-arrebatamiento-de-la-iglesia-primera-parte\/"},"author":{"name":"Miguel Ortiz","@id":"https:\/\/ropacristiana.online\/blog\/#\/schema\/person\/dd3f01fd69d582ad0e90c382b5069062"},"headline":"El Arrebatamiento de la Iglesia (Primera parte)","datePublished":"2024-03-29T16:31:33+00:00","dateModified":"2024-04-20T13:07:30+00:00","mainEntityOfPage":{"@id":"https:\/\/ropacristiana.online\/blog\/el-arrebatamiento-de-la-iglesia-primera-parte\/"},"wordCount":3153,"commentCount":16,"publisher":{"@id":"https:\/\/ropacristiana.online\/blog\/#organization"},"image":{"@id":"https:\/\/ropacristiana.online\/blog\/el-arrebatamiento-de-la-iglesia-primera-parte\/#primaryimage"},"thumbnailUrl":"https:\/\/ropacristiana.online\/blog\/wp-content\/uploads\/2024\/03\/El-arrebatamiento-de-la-iglesia-1024x576-1.jpg","articleSection":["Estudios"],"inLanguage":"es","potentialAction":[{"@type":"CommentAction","name":"Comment","target":["https:\/\/ropacristiana.online\/blog\/el-arrebatamiento-de-la-iglesia-primera-parte\/#respond"]}]},{"@type":"WebPage","@id":"https:\/\/ropacristiana.online\/blog\/el-arrebatamiento-de-la-iglesia-primera-parte\/","url":"https:\/\/ropacristiana.online\/blog\/el-arrebatamiento-de-la-iglesia-primera-parte\/","name":"El Arrebatamiento de la Iglesia (Primera parte)","isPartOf":{"@id":"https:\/\/ropacristiana.online\/blog\/#website"},"primaryImageOfPage":{"@id":"https:\/\/ropacristiana.online\/blog\/el-arrebatamiento-de-la-iglesia-primera-parte\/#primaryimage"},"image":{"@id":"https:\/\/ropacristiana.online\/blog\/el-arrebatamiento-de-la-iglesia-primera-parte\/#primaryimage"},"thumbnailUrl":"https:\/\/ropacristiana.online\/blog\/wp-content\/uploads\/2024\/03\/El-arrebatamiento-de-la-iglesia-1024x576-1.jpg","datePublished":"2024-03-29T16:31:33+00:00","dateModified":"2024-04-20T13:07:30+00:00","description":"El arrebatamiento de la Iglesia es uno de los acontecimientos mas importantes que tendr\u00e1n lugar en el futuro cercano, pero para muchos, especialmente para","breadcrumb":{"@id":"https:\/\/ropacristiana.online\/blog\/el-arrebatamiento-de-la-iglesia-primera-parte\/#breadcrumb"},"inLanguage":"es","potentialAction":[{"@type":"ReadAction","target":["https:\/\/ropacristiana.online\/blog\/el-arrebatamiento-de-la-iglesia-primera-parte\/"]}]},{"@type":"ImageObject","inLanguage":"es","@id":"https:\/\/ropacristiana.online\/blog\/el-arrebatamiento-de-la-iglesia-primera-parte\/#primaryimage","url":"https:\/\/ropacristiana.online\/blog\/wp-content\/uploads\/2024\/03\/El-arrebatamiento-de-la-iglesia-1024x576-1.jpg","contentUrl":"https:\/\/ropacristiana.online\/blog\/wp-content\/uploads\/2024\/03\/El-arrebatamiento-de-la-iglesia-1024x576-1.jpg","width":1024,"height":576},{"@type":"BreadcrumbList","@id":"https:\/\/ropacristiana.online\/blog\/el-arrebatamiento-de-la-iglesia-primera-parte\/#breadcrumb","itemListElement":[{"@type":"ListItem","position":1,"name":"Portada","item":"https:\/\/ropacristiana.online\/blog\/"},{"@type":"ListItem","position":2,"name":"El Arrebatamiento de la Iglesia (Primera parte)"}]},{"@type":"WebSite","@id":"https:\/\/ropacristiana.online\/blog\/#website","url":"https:\/\/ropacristiana.online\/blog\/","name":"Ropa Cristiana Blog","description":"Ropa cristiana de moda para todos los gustos","publisher":{"@id":"https:\/\/ropacristiana.online\/blog\/#organization"},"potentialAction":[{"@type":"SearchAction","target":{"@type":"EntryPoint","urlTemplate":"https:\/\/ropacristiana.online\/blog\/?s={search_term_string}"},"query-input":{"@type":"PropertyValueSpecification","valueRequired":true,"valueName":"search_term_string"}}],"inLanguage":"es"},{"@type":"Organization","@id":"https:\/\/ropacristiana.online\/blog\/#organization","name":"Ropa Cristiana Online","url":"https:\/\/ropacristiana.online\/blog\/","logo":{"@type":"ImageObject","inLanguage":"es","@id":"https:\/\/ropacristiana.online\/blog\/#\/schema\/logo\/image\/","url":"https:\/\/ropacristiana.online\/wp-content\/uploads\/2021\/09\/Logo-ropa-cristiana-online.png","contentUrl":"https:\/\/ropacristiana.online\/wp-content\/uploads\/2021\/09\/Logo-ropa-cristiana-online.png","width":531,"height":159,"caption":"Ropa Cristiana Online"},"image":{"@id":"https:\/\/ropacristiana.online\/blog\/#\/schema\/logo\/image\/"}},{"@type":"Person","@id":"https:\/\/ropacristiana.online\/blog\/#\/schema\/person\/dd3f01fd69d582ad0e90c382b5069062","name":"Miguel Ortiz","image":{"@type":"ImageObject","inLanguage":"es","@id":"https:\/\/ropacristiana.online\/blog\/wp-content\/uploads\/2021\/10\/yeshua-mo-150x150.jpg","url":"https:\/\/ropacristiana.online\/blog\/wp-content\/uploads\/2021\/10\/yeshua-mo-150x150.jpg","contentUrl":"https:\/\/ropacristiana.online\/blog\/wp-content\/uploads\/2021\/10\/yeshua-mo-150x150.jpg","caption":"Miguel Ortiz"},"description":"Especialista en proyectos de internet, marketing digital y desarrollo web. Cristiano y miembro activo de la IEA Pentecostal \"La Hermosa\", perteneciente a las Asambleas de Dios en Venezuela.","sameAs":["https:\/\/www.facebook.com\/moLCys\/","https:\/\/www.instagram.com\/molcys7\/"]}]}},"_links":{"self":[{"href":"https:\/\/ropacristiana.online\/blog\/wp-json\/wp\/v2\/posts\/5775","targetHints":{"allow":["GET"]}}],"collection":[{"href":"https:\/\/ropacristiana.online\/blog\/wp-json\/wp\/v2\/posts"}],"about":[{"href":"https:\/\/ropacristiana.online\/blog\/wp-json\/wp\/v2\/types\/post"}],"author":[{"embeddable":true,"href":"https:\/\/ropacristiana.online\/blog\/wp-json\/wp\/v2\/users\/1"}],"replies":[{"embeddable":true,"href":"https:\/\/ropacristiana.online\/blog\/wp-json\/wp\/v2\/comments?post=5775"}],"version-history":[{"count":3,"href":"https:\/\/ropacristiana.online\/blog\/wp-json\/wp\/v2\/posts\/5775\/revisions"}],"predecessor-version":[{"id":5847,"href":"https:\/\/ropacristiana.online\/blog\/wp-json\/wp\/v2\/posts\/5775\/revisions\/5847"}],"wp:featuredmedia":[{"embeddable":true,"href":"https:\/\/ropacristiana.online\/blog\/wp-json\/wp\/v2\/media\/5805"}],"wp:attachment":[{"href":"https:\/\/ropacristiana.online\/blog\/wp-json\/wp\/v2\/media?parent=5775"}],"wp:term":[{"taxonomy":"category","embeddable":true,"href":"https:\/\/ropacristiana.online\/blog\/wp-json\/wp\/v2\/categories?post=5775"},{"taxonomy":"post_tag","embeddable":true,"href":"https:\/\/ropacristiana.online\/blog\/wp-json\/wp\/v2\/tags?post=5775"}],"curies":[{"name":"wp","href":"https:\/\/api.w.org\/{rel}","templated":true}]}}