{"id":5772,"date":"2024-03-29T16:31:18","date_gmt":"2024-03-29T16:31:18","guid":{"rendered":"https:\/\/ropacristiana.online\/el-apocalipsis-la-vision-de-juan\/"},"modified":"2024-04-20T13:16:58","modified_gmt":"2024-04-20T13:16:58","slug":"el-apocalipsis-la-vision-de-juan","status":"publish","type":"post","link":"https:\/\/ropacristiana.online\/blog\/el-apocalipsis-la-vision-de-juan\/","title":{"rendered":"El Apocalipsis: La Visi\u00f3n de Juan"},"content":{"rendered":"<div class=\"content\">\n<blockquote>\n<p style=\"text-align: justify;\">\u00abLa revelaci\u00f3n de Jesucristo, que Dios le dio, para manifestar a sus siervos las cosas que deben suceder pronto; y la declar\u00f3 envi\u00e1ndola por medio de su \u00e1ngel a su siervo Juan, que ha dado testimonio de la palabra de Dios, y del testimonio de Jesucristo, y de todas las cosas que ha visto.\u00a0Bienaventurado el que lee, y los que oyen las palabras de esta profec\u00eda, y guardan las cosas en ella escritas; porque el tiempo est\u00e1 cerca.\u00bb <strong>Apocalipsis 1:1-3 RV1960<\/strong><\/p>\n<\/blockquote>\n<p><img loading=\"lazy\" decoding=\"async\" class=\"size-medium wp-image-5852 alignleft\" src=\"https:\/\/ropacristiana.online\/wp-content\/uploads\/2024\/03\/Isla-de-Patmos-300x267.jpg\" alt=\"Isla de Patmos\" width=\"300\" height=\"267\" srcset=\"https:\/\/ropacristiana.online\/blog\/wp-content\/uploads\/2024\/03\/Isla-de-Patmos-300x267.jpg 300w, https:\/\/ropacristiana.online\/blog\/wp-content\/uploads\/2024\/03\/Isla-de-Patmos.jpg 378w\" sizes=\"auto, (max-width: 300px) 100vw, 300px\" \/><\/p>\n<p style=\"text-align: justify;\">\n<p style=\"text-align: justify;\">Estaba Juan, el \u00faltimo de los ap\u00f3stoles vivos en la Isla de Patmos, preso y desterrado por el Imperio Romano. Durante este tiempo de cautiverio y en medio de una gran soledad, Dios env\u00eda un mensaje trascendental para la humanidad. A este punto, muchos habr\u00edan pensado que era el final, quiz\u00e1s el mismo Juan esperaba la muerte. Pero el Se\u00f1or siempre nos demuestra su fidelidad al no abandonarnos, y en el momento de mayor oscuridad realiza los mas grandes milagros.<\/p>\n<p style=\"text-align: justify;\">Lo primero que Juan deja claro es la veracidad del testimonio y de los hechos que luego fueron descritos. Aunque muchas de estas cosas se encuentran sujetas a misterios, es una Palabra que proviene de Dios y representa algo que se cumplir\u00e1 en el tiempo postrero.<\/p>\n<h3 style=\"text-align: center;\">Salutaciones a las siete iglesias<\/h3>\n<blockquote>\n<p style=\"text-align: justify;\">\u00abJuan, a las siete iglesias que est\u00e1n en Asia: Gracia y paz a vosotros, del que es y que era y que ha de venir, y de los siete esp\u00edritus que est\u00e1n delante de su trono;\u00bb <strong>Apocalipsis 1:4 RV1960<\/strong><\/p>\n<\/blockquote>\n<p style=\"text-align: justify;\">La Palabra \u00abAsia\u00bb hace alusi\u00f3n a un escenario mundial, pues en el aquel tiempo y para la cultura cristiana, Asia representaba la totalidad de las regiones alcanzadas por el mensaje de Dios que en el futuro se extender\u00edan.<\/p>\n<p style=\"text-align: justify;\">La bendici\u00f3n de Juan se nos es definida por la figura de Yeshua (El Mes\u00edas prometido) quien cumple abiertamente con la descripci\u00f3n: \u00ab<em><strong>del que es<\/strong><\/em>\u00bb Sigue vivo, pues es Dios. \u00ab<strong><em>que era<\/em><\/strong>\u00bb que estuvo caminando en la tierra.\u00a0 \u00ab<strong><em>que ha de venir<\/em><\/strong>\u00bb que prometi\u00f3 regresar. No existe otro personaje que encaje en esas caracter\u00edsticas.<\/p>\n<p><img loading=\"lazy\" decoding=\"async\" class=\"alignleft wp-image-5854 size-full\" src=\"https:\/\/ropacristiana.online\/wp-content\/uploads\/2024\/03\/descarga.jpg\" alt=\"descarga\" width=\"267\" height=\"189\" \/><\/p>\n<p style=\"text-align: justify;\">Los siete esp\u00edritus representan el poder de Dios: \u00abY reposar\u00e1 sobre \u00e9l el <strong>Esp\u00edritu de Jehov\u00e1<\/strong>; esp\u00edritu de sabidur\u00eda y de inteligencia, esp\u00edritu de consejo y de poder, esp\u00edritu de conocimiento y de temor de Jehov\u00e1\u00bb <strong>Isa\u00edas 11:2 RV1960<\/strong>. Es a trav\u00e9s del Esp\u00edritu de Dios que su poder es accionado.<\/p>\n<blockquote>\n<p style=\"text-align: justify;\">\u00aby de Jesucristo el testigo fiel, el primog\u00e9nito de los muertos, y el soberano de los reyes de la tierra. Al que nos am\u00f3, y nos lav\u00f3 de nuestros pecados con su sangre\u00bb <strong>Apocalipsis 1:5 RV1960<\/strong><\/p>\n<\/blockquote>\n<p style=\"text-align: justify;\">Una validaci\u00f3n de Yeshua como quien representa el verdadero Mes\u00edas prometido, el primero en resucitar de la muerte restaurando as\u00ed la dignidad que le hab\u00eda sido quitada al hombre por el pecado de Ad\u00e1n. (<strong>Filipenses 2:7-11<\/strong>)<\/p>\n<blockquote>\n<p style=\"text-align: justify;\">\u00aby nos hizo reyes y sacerdotes para Dios, su Padre; a \u00e9l sea gloria e imperio por los siglos de los siglos. Am\u00e9n.\u00bb <strong>Apocalipsis 1:6 RV1960<\/strong><\/p>\n<\/blockquote>\n<p style=\"text-align: justify;\">A trav\u00e9s de la justificaci\u00f3n en Cristo, el hombre es acercado a Dios nuevamente tomando as\u00ed el derecho a gozar de todas las bendiciones de Dios y el prop\u00f3sito eterno para el.<\/p>\n<blockquote><p>\u00abHe aqu\u00ed que viene con las nubes, y todo ojo le ver\u00e1, y los que le traspasaron; y todos los linajes de la tierra har\u00e1n lamentaci\u00f3n por \u00e9l. S\u00ed, am\u00e9n.\u00bb <strong>Apocalipsis 1:7 RV1960<\/strong><\/p><\/blockquote>\n<p style=\"text-align: justify;\">\u00ab<strong><em>He aqu\u00ed que viene con las nubes, y todo ojo le ver\u00e1<\/em><\/strong>,\u00bb se refiere a la segunda venida visible de Yeshua seg\u00fan <strong>Zacar\u00edas 14:4, Apocalipsis 19:11-16.\u00a0<\/strong><\/p>\n<p style=\"text-align: justify;\">\u00ab<strong><em>y los que le traspasaron<\/em><\/strong>\u00ab, se refiere al pueblo de Israel quienes no aceptaron a Yeshua como el Mes\u00edas, colg\u00e1ndolo en una cruz y traspasando su cuerpo con lanza. Esta lamentaci\u00f3n es relatada en <strong>Mateo 24:30 <\/strong>por el mismo Yeshua<strong>.<\/strong><\/p>\n<p style=\"text-align: justify;\">\u00ab<strong><em>y todos los linajes de la tierra har\u00e1n lamentaci\u00f3n por \u00e9l. S\u00ed, am\u00e9n.<\/em><\/strong>\u00bb Se refiere adem\u00e1s al resto de la poblaci\u00f3n mundial (no jud\u00edos) quienes habiendo escuchado el Evangelio no creyeron en el, por lo que sentir\u00e1n tristeza en aquel d\u00eda por no haber cre\u00eddo.<\/p>\n<blockquote><p>\u00abYo soy el Alfa y la Omega, principio y fin, dice el Se\u00f1or, el que es y que era y que ha de venir, el Todopoderoso.\u00bb <strong>Apocalipsis 1:8 RV1960<\/strong><\/p><\/blockquote>\n<p style=\"text-align: justify;\">Por un momento la voz de Dios se hace manifiesta, ocupando ahora la primera persona en la narraci\u00f3n, esto nos lleva a entender que cada palabra expresada por Juan esta dicha a su vez por el Esp\u00edritu Santo de Dios a trav\u00e9s de su persona.<\/p>\n<h3 style=\"text-align: center;\"><span id=\"es-RVR1960-30709\" class=\"text Rev-1-9\">Una visi\u00f3n del Hijo del Hombre\u00a0<\/span><\/h3>\n<blockquote><p>\u00abYo Juan, vuestro hermano, y copart\u00edcipe vuestro en la tribulaci\u00f3n, en el reino y en la paciencia de Jesucristo, estaba en la isla llamada Patmos, por causa de la palabra de Dios y el testimonio de Jesucristo.\u00bb <strong>Apocalipsis 1:9 RV1960<\/strong><\/p><\/blockquote>\n<p style=\"text-align: justify;\">Juan empieza a narrarnos desde su experiencia como es que ocurri\u00f3 este acontecimiento, lo primero que nos deja claro es su identidad como un hombre corriente \u00ab<strong><em>vuestro hermano, y copart\u00edcipe vuestro en la tribulaci\u00f3n<\/em><\/strong>\u00ab, haci\u00e9ndonos ver su actitud de humildad y evitando posibles interpretaciones donde el pudiera ser elevado a una figura divina o demasiado especial. Juan estaba atravesando un momento duro debido a que hab\u00eda sido encarcelado y exiliado \u00ab<strong><em>por causa de la palabra de Dios y el testimonio de Jesucristo<\/em><\/strong>\u00ab. Es decir; su \u00fanico crimen hab\u00eda sido llevar el mensaje de Dios, un mensaje que hab\u00eda molestado al imperio Romano gobernante en aquel momento. Para este imperio la figura de Yeshua representaba un rey alternativo que pod\u00eda generar divisi\u00f3n y provocaba controversia, especialmente cuando el numero de cristianos aumentaba considerablemente. Para las autoridades Juan era uno de sus principales lideres, as\u00ed que creyeron que d\u00e1ndole c\u00e1rcel, su grupo se dispersar\u00eda.<\/p>\n<p><img loading=\"lazy\" decoding=\"async\" class=\"aligncenter wp-image-5855 size-large\" src=\"https:\/\/ropacristiana.online\/wp-content\/uploads\/2024\/03\/Apostol-Juan-en-Patmos-1024x512.jpg\" alt=\"Apostol Juan en Patmos\" width=\"1024\" height=\"512\" srcset=\"https:\/\/ropacristiana.online\/blog\/wp-content\/uploads\/2024\/03\/Apostol-Juan-en-Patmos-1024x512.jpg 1024w, https:\/\/ropacristiana.online\/blog\/wp-content\/uploads\/2024\/03\/Apostol-Juan-en-Patmos-300x150.jpg 300w, https:\/\/ropacristiana.online\/blog\/wp-content\/uploads\/2024\/03\/Apostol-Juan-en-Patmos-768x384.jpg 768w, https:\/\/ropacristiana.online\/blog\/wp-content\/uploads\/2024\/03\/Apostol-Juan-en-Patmos.jpg 1200w\" sizes=\"auto, (max-width: 1024px) 100vw, 1024px\" \/><\/p>\n<blockquote><p>\u00abYo estaba en el Esp\u00edritu en el d\u00eda del Se\u00f1or, y o\u00ed detr\u00e1s de m\u00ed una gran voz como de trompeta,\u00bb <strong>Apocalipsis 1:10 RV1960<\/strong><\/p><\/blockquote>\n<p style=\"text-align: justify;\">El evento ocurri\u00f3 un S\u00e1bado (<strong><em>d\u00eda del Se\u00f1or <\/em><\/strong>para los jud\u00edos). \u00ab<em><strong>Yo estaba en el Esp\u00edritu<\/strong><\/em>\u00bb nos indica que se encontraba en profunda oraci\u00f3n y en esta intimidad escucha una \u00ab<strong><em>gran voz como de trompeta<\/em><\/strong>\u00bb que se refiere a que no era una voz casual, como la de una persona corriente, sino una voz espiritual tan profunda y con tanta autoridad que hacia eco en su Esp\u00edritu y que al mismo tiempo demandaba toda su atenci\u00f3n.<\/p>\n<blockquote><p>\u00abque dec\u00eda: Yo soy el Alfa y la Omega, el primero y el \u00faltimo. Escribe en un libro lo que ves, y env\u00edalo a las siete iglesias que est\u00e1n en Asia: a Efeso, Esmirna, P\u00e9rgamo, Tiatira, Sardis, Filadelfia y Laodicea.\u00bb <strong>Apocalipsis 1:11 RV1960<\/strong><\/p><\/blockquote>\n<p style=\"text-align: justify;\">Es aqu\u00ed donde Dios se presenta y le manifiesta el prop\u00f3sito de su visita. Juan deb\u00eda estar atento a todo lo que iba a escuchar y hac\u00e9rselo llegar a cada una de las iglesias que representaban los seguidores de Yeshua para aquella \u00e9poca. F\u00edjense que este mensaje no fue encomendado para los no creyentes, sino para quienes segu\u00edan a Yeshua, los que profesaban la fe cristiana en aquel momento y ahora. He aqu\u00ed una de las razones por las cuales el mundo no comprende el libro de la Revelaci\u00f3n, ya que este incluye muchos conceptos que solo pueden ser entendidos por quienes reciben a Cristo, a trav\u00e9s del la gu\u00eda de su Esp\u00edritu.<\/p>\n<blockquote><p>\u00abY me volv\u00ed para ver la voz que hablaba conmigo; y vuelto, vi siete candeleros de oro, y en medio de los siete candeleros, a uno semejante al Hijo del Hombre, vestido de una ropa que llegaba hasta los pies, y ce\u00f1ido por el pecho con un cinto de oro.\u00bb <strong>Apocalipsis 1:12-13 RV1960<\/strong><\/p><\/blockquote>\n<p style=\"text-align: justify;\">Juan ve a un ser que se parece a Yeshua (Hijo del Hombre), pero que sin embargo, posee algunas caracter\u00edsticas dif\u00edciles de explicar teniendo en cuenta que se trata de un ser espiritual. Sin embargo, todas las descripciones encajan en que este ser es Yeshua. Los siete candeleros representando a las iglesias, donde Yeshua es el centro nos habla de la unidad del cuerpo de Cristo en torno a El<strong>. <\/strong>El cinto de oro representa la figura de un sacerdote, el \u00abcinto del efod\u00bb era llevado por los sacerdotes jud\u00edos como una representaci\u00f3n de servicio y autoridad (<strong>\u00c9xodo 28:8<\/strong>). De esta forma con cada descripci\u00f3n Juan nos relata quien es y que simbolismo encierra ese personaje para nosotros.<\/p>\n<blockquote><p>\u00abSu cabeza y sus cabellos eran blancos como blanca lana, como nieve; sus ojos como llama de fuego;\u00bb <strong>Apocalipsis 1:14 RV1960<\/strong><\/p><\/blockquote>\n<p style=\"text-align: justify;\">Los cabellos blancos nos describen al Anciano de d\u00edas, mencionado en <b>Daniel 7:9. <\/b>Esto hace alusi\u00f3n a la experiencia y sabidur\u00eda de este\u00a0ser, no a que sea un abuelo o un hombre viejo, ya que en ning\u00fan momento se nos habla de alguna condici\u00f3n de vejez. \u00ab<strong><em>sus ojos como llama de fuego<\/em><\/strong>\u00bb representan la mirada purificadora de Dios a trav\u00e9s ante la cual ning\u00fan ser viviente puede ocultarse.<\/p>\n<p><img loading=\"lazy\" decoding=\"async\" class=\"aligncenter wp-image-5857 size-large\" src=\"https:\/\/ropacristiana.online\/wp-content\/uploads\/2024\/03\/apocalipsis-de-juan-1024x592.jpg\" alt=\"apocalipsis de juan\" width=\"1024\" height=\"592\" srcset=\"https:\/\/ropacristiana.online\/blog\/wp-content\/uploads\/2024\/03\/apocalipsis-de-juan-1024x592.jpg 1024w, https:\/\/ropacristiana.online\/blog\/wp-content\/uploads\/2024\/03\/apocalipsis-de-juan-300x174.jpg 300w, https:\/\/ropacristiana.online\/blog\/wp-content\/uploads\/2024\/03\/apocalipsis-de-juan-768x444.jpg 768w, https:\/\/ropacristiana.online\/blog\/wp-content\/uploads\/2024\/03\/apocalipsis-de-juan-1536x888.jpg 1536w, https:\/\/ropacristiana.online\/blog\/wp-content\/uploads\/2024\/03\/apocalipsis-de-juan.jpg 1556w\" sizes=\"auto, (max-width: 1024px) 100vw, 1024px\" \/><\/p>\n<blockquote><p>\u00aby sus pies semejantes al bronce bru\u00f1ido, refulgente como en un horno; y su voz como estruendo de muchas aguas.\u00bb <strong>Apocalipsis 1:15 RV1960<\/strong><\/p><\/blockquote>\n<p style=\"text-align: justify;\">El bronce bru\u00f1ido representa el bronce al que se le ha sacado brillo, en pocas palabras, es un manifestaci\u00f3n de la versi\u00f3n glorificada de Yeshua, el que fue una vez humano, pero que ahora es un Rey Poderoso. \u00ab<strong><em>y su voz como estruendo de muchas aguas<\/em><\/strong>\u00bb Nos habla nuevamente de una voz indescriptible para el ser humano, pero cuya potencia y majestuosidad solo puede ser comparada a la grandeza del oc\u00e9ano.<\/p>\n<blockquote>\n<p style=\"text-align: justify;\">\u00abTen\u00eda en su diestra siete estrellas; de su boca sal\u00eda una espada aguda de dos filos; y su rostro era como el sol cuando resplandece en su fuerza\u00bb\u00a0 <strong>Apocalipsis 1:16 RV1960<\/strong><\/p>\n<\/blockquote>\n<p style=\"text-align: justify;\">Mas adelante se nos muestra que las siete estrellas representan a los siete \u00e1ngeles o autoridades de las iglesias en la tierra (Lideres o pastores). Este simbolismo nos confirma que cada creyente sin importar el lugar se encuentra en las manos de Dios \u00ab<em>siempre te sustentar\u00e9 con la diestra de mi justicia<\/em>.\u00bb<strong> Isa\u00edas 41:10<\/strong>.<\/p>\n<p><img loading=\"lazy\" decoding=\"async\" class=\"aligncenter wp-image-5858 size-full\" src=\"https:\/\/ropacristiana.online\/wp-content\/uploads\/2024\/03\/Revelacion-de-Juan.jpg\" alt=\"Revelacion de Juan\" width=\"857\" height=\"450\" srcset=\"https:\/\/ropacristiana.online\/blog\/wp-content\/uploads\/2024\/03\/Revelacion-de-Juan.jpg 857w, https:\/\/ropacristiana.online\/blog\/wp-content\/uploads\/2024\/03\/Revelacion-de-Juan-300x158.jpg 300w, https:\/\/ropacristiana.online\/blog\/wp-content\/uploads\/2024\/03\/Revelacion-de-Juan-768x403.jpg 768w\" sizes=\"auto, (max-width: 857px) 100vw, 857px\" \/><\/p>\n<p style=\"text-align: justify;\">\n<p style=\"text-align: justify;\">La espada representa el mensaje poderoso de Dios el cual penetra hasta la divisi\u00f3n del alma y del esp\u00edritu (<strong>Hebreos 4:12). \u00ab<em>su rostro era como el sol cuando resplandece en su fuerza<\/em>\u00bb <\/strong>nos representa la figura de un Dios que no puede ser visto sin inclinar el rostro, quien ve al sol directamente comprender\u00e1 que no es posible sostener la vista, lo cual nos obliga a ceder ante su poder y autoridad.<\/p>\n<blockquote><p>\u00abCuando le vi, ca\u00ed como muerto a sus pies. Y \u00e9l puso su diestra sobre m\u00ed, dici\u00e9ndome: No temas; yo soy el primero y el \u00faltimo;\u00bb <strong>Apocalipsis 1:17 RV1960<\/strong><\/p><\/blockquote>\n<p style=\"text-align: justify;\">Aqu\u00ed podemos ver lo mismo, al ver Juan el rostro del Se\u00f1or enseguida cayo rendido ante el poder que desprend\u00eda. Sin embargo, este segundo fue suficiente para que el pudiera grabar en su memoria la imagen de ese suceso. Inmediatamente con la misma diestra que sostiene a su iglesia, el Se\u00f1or le dice que no tenga miedo. Es interesante ver que aunque Juan tiene miedo, su actitud no es de salir huyendo, porque este miedo o mas bien temor es diferente, se trata de un temor hacia la presencia de Dios mismo, el cual conlleva a una actitud de completa sumisi\u00f3n. <strong>Romanos 14:11<\/strong><\/p>\n<blockquote><p>\u00aby el que vivo, y estuve muerto; mas he aqu\u00ed que vivo por los siglos de los siglos, am\u00e9n. Y tengo las llaves de la muerte y del Hades.\u00bb <strong>1:18 RV1960<\/strong><\/p><\/blockquote>\n<p style=\"text-align: justify;\">Se nos confirma la persona de Yeshua, que seg\u00fan <strong>1 Pedro 3:19 <\/strong>y <strong>Hechos 2:24 <\/strong>conquisto a la muerte y el hades que representa el lugar donde est\u00e1n los que mueren.<\/p>\n<blockquote><p>\u00abEscribe las cosas que has visto, y las que son, y las que han de ser despu\u00e9s de estas.\u00bb <strong>Apocalipsis <\/strong><strong>1:19 RV1960<\/strong><\/p><\/blockquote>\n<p style=\"text-align: justify;\">\u00ab<strong><em>Escribe las cosas que has visto<\/em><\/strong>\u00bb se refiere los hechos de los que Juan ha sido testigo. \u00ab<em><strong>las que son<\/strong><\/em>\u00bb son aquellas revelaciones que corresponden al periodo presente (Por ejemplo: La condici\u00f3n de las iglesias en el capitulo 2 y 3). \u00ab<strong><em>las que han de ser despu\u00e9s de estas\u00bb\u00a0<\/em><\/strong>son todos los sucesos que ser\u00e1n mostrados por Dios a ocurrir en el futuro.<\/p>\n<blockquote><p>\u00abEl misterio de las siete estrellas que has visto en mi diestra, y de los siete candeleros de oro: las siete estrellas son los \u00e1ngeles de las siete iglesias, y los siete candeleros que has visto, son las siete iglesias.\u00bb <strong>Apocalipsis <\/strong><strong>1:20 RV1960<\/strong><\/p><\/blockquote>\n<p style=\"text-align: justify;\">Aqu\u00ed el Se\u00f1or explica que significan las estrellas y los candeleros. Como puede verse siempre el numero siete esta presente, esto es porque desde la perspectiva b\u00edblica el numero siete se relaciona con la totalidad o lo que esta completo, visto desde el mismo Genesis en los d\u00edas de trabajo y descanso. El siete (7) es un numero que expresa conclusi\u00f3n, terminaci\u00f3n.<\/p>\n<p style=\"text-align: justify;\">De esta manera concluimos esta primera parte del estudio. Espero que haya sido de bendici\u00f3n para tu vida.<\/p>\n<p style=\"text-align: justify;\">Dios te bendiga.<\/p>\n<\/div>\n","protected":false},"excerpt":{"rendered":"<p>\u00abLa revelaci\u00f3n de Jesucristo, que Dios le dio, para manifestar a sus siervos las cosas que deben suceder pronto; y la declar\u00f3 envi\u00e1ndola por medio de su \u00e1ngel a su siervo Juan, que ha dado testimonio de la palabra de Dios, y del testimonio de Jesucristo, y de todas las cosas que ha visto.\u00a0Bienaventurado el [&hellip;]<\/p>\n","protected":false},"author":1,"featured_media":5801,"comment_status":"open","ping_status":"closed","sticky":false,"template":"","format":"standard","meta":{"footnotes":""},"categories":[131],"tags":[],"class_list":["post-5772","post","type-post","status-publish","format-standard","has-post-thumbnail","hentry","category-estudios"],"yoast_head":"<!-- This site is optimized with the Yoast SEO plugin v27.2 - https:\/\/yoast.com\/product\/yoast-seo-wordpress\/ -->\n<title>El Apocalipsis: La Visi\u00f3n de Juan<\/title>\n<meta name=\"description\" content=\"\u00abLa revelaci\u00f3n de Jesucristo, que Dios le dio, para manifestar a sus siervos las cosas que deben suceder pronto; y la declar\u00f3 envi\u00e1ndola por medio de su\" \/>\n<meta name=\"robots\" content=\"index, follow, max-snippet:-1, max-image-preview:large, max-video-preview:-1\" \/>\n<link rel=\"canonical\" href=\"https:\/\/ropacristiana.online\/blog\/el-apocalipsis-la-vision-de-juan\/\" \/>\n<meta property=\"og:locale\" content=\"es_ES\" \/>\n<meta property=\"og:type\" content=\"article\" \/>\n<meta property=\"og:title\" content=\"El Apocalipsis: La Visi\u00f3n de Juan\" \/>\n<meta property=\"og:description\" content=\"\u00abLa revelaci\u00f3n de Jesucristo, que Dios le dio, para manifestar a sus siervos las cosas que deben suceder pronto; y la declar\u00f3 envi\u00e1ndola por medio de su\" \/>\n<meta property=\"og:url\" content=\"https:\/\/ropacristiana.online\/blog\/el-apocalipsis-la-vision-de-juan\/\" \/>\n<meta property=\"og:site_name\" content=\"Ropa Cristiana Blog\" \/>\n<meta property=\"article:author\" content=\"https:\/\/www.facebook.com\/moLCys\/\" \/>\n<meta property=\"article:published_time\" content=\"2024-03-29T16:31:18+00:00\" \/>\n<meta property=\"article:modified_time\" content=\"2024-04-20T13:16:58+00:00\" \/>\n<meta property=\"og:image\" content=\"https:\/\/ropacristiana.online\/blog\/wp-content\/uploads\/2024\/03\/Apocalipsis-1-1024x576-1.jpg\" \/>\n\t<meta property=\"og:image:width\" content=\"1024\" \/>\n\t<meta property=\"og:image:height\" content=\"576\" \/>\n\t<meta property=\"og:image:type\" content=\"image\/jpeg\" \/>\n<meta name=\"author\" content=\"Miguel Ortiz\" \/>\n<meta name=\"twitter:card\" content=\"summary_large_image\" \/>\n<meta name=\"twitter:label1\" content=\"Escrito por\" \/>\n\t<meta name=\"twitter:data1\" content=\"Miguel Ortiz\" \/>\n\t<meta name=\"twitter:label2\" content=\"Tiempo de lectura\" \/>\n\t<meta name=\"twitter:data2\" content=\"9 minutos\" \/>\n<script type=\"application\/ld+json\" class=\"yoast-schema-graph\">{\"@context\":\"https:\/\/schema.org\",\"@graph\":[{\"@type\":\"Article\",\"@id\":\"https:\/\/ropacristiana.online\/blog\/el-apocalipsis-la-vision-de-juan\/#article\",\"isPartOf\":{\"@id\":\"https:\/\/ropacristiana.online\/blog\/el-apocalipsis-la-vision-de-juan\/\"},\"author\":{\"name\":\"Miguel Ortiz\",\"@id\":\"https:\/\/ropacristiana.online\/blog\/#\/schema\/person\/dd3f01fd69d582ad0e90c382b5069062\"},\"headline\":\"El Apocalipsis: La Visi\u00f3n de Juan\",\"datePublished\":\"2024-03-29T16:31:18+00:00\",\"dateModified\":\"2024-04-20T13:16:58+00:00\",\"mainEntityOfPage\":{\"@id\":\"https:\/\/ropacristiana.online\/blog\/el-apocalipsis-la-vision-de-juan\/\"},\"wordCount\":2228,\"commentCount\":17,\"publisher\":{\"@id\":\"https:\/\/ropacristiana.online\/blog\/#organization\"},\"image\":{\"@id\":\"https:\/\/ropacristiana.online\/blog\/el-apocalipsis-la-vision-de-juan\/#primaryimage\"},\"thumbnailUrl\":\"https:\/\/ropacristiana.online\/blog\/wp-content\/uploads\/2024\/03\/Apocalipsis-1-1024x576-1.jpg\",\"articleSection\":[\"Estudios\"],\"inLanguage\":\"es\",\"potentialAction\":[{\"@type\":\"CommentAction\",\"name\":\"Comment\",\"target\":[\"https:\/\/ropacristiana.online\/blog\/el-apocalipsis-la-vision-de-juan\/#respond\"]}]},{\"@type\":\"WebPage\",\"@id\":\"https:\/\/ropacristiana.online\/blog\/el-apocalipsis-la-vision-de-juan\/\",\"url\":\"https:\/\/ropacristiana.online\/blog\/el-apocalipsis-la-vision-de-juan\/\",\"name\":\"El Apocalipsis: La Visi\u00f3n de Juan\",\"isPartOf\":{\"@id\":\"https:\/\/ropacristiana.online\/blog\/#website\"},\"primaryImageOfPage\":{\"@id\":\"https:\/\/ropacristiana.online\/blog\/el-apocalipsis-la-vision-de-juan\/#primaryimage\"},\"image\":{\"@id\":\"https:\/\/ropacristiana.online\/blog\/el-apocalipsis-la-vision-de-juan\/#primaryimage\"},\"thumbnailUrl\":\"https:\/\/ropacristiana.online\/blog\/wp-content\/uploads\/2024\/03\/Apocalipsis-1-1024x576-1.jpg\",\"datePublished\":\"2024-03-29T16:31:18+00:00\",\"dateModified\":\"2024-04-20T13:16:58+00:00\",\"description\":\"\u00abLa revelaci\u00f3n de Jesucristo, que Dios le dio, para manifestar a sus siervos las cosas que deben suceder pronto; y la declar\u00f3 envi\u00e1ndola por medio de su\",\"breadcrumb\":{\"@id\":\"https:\/\/ropacristiana.online\/blog\/el-apocalipsis-la-vision-de-juan\/#breadcrumb\"},\"inLanguage\":\"es\",\"potentialAction\":[{\"@type\":\"ReadAction\",\"target\":[\"https:\/\/ropacristiana.online\/blog\/el-apocalipsis-la-vision-de-juan\/\"]}]},{\"@type\":\"ImageObject\",\"inLanguage\":\"es\",\"@id\":\"https:\/\/ropacristiana.online\/blog\/el-apocalipsis-la-vision-de-juan\/#primaryimage\",\"url\":\"https:\/\/ropacristiana.online\/blog\/wp-content\/uploads\/2024\/03\/Apocalipsis-1-1024x576-1.jpg\",\"contentUrl\":\"https:\/\/ropacristiana.online\/blog\/wp-content\/uploads\/2024\/03\/Apocalipsis-1-1024x576-1.jpg\",\"width\":1024,\"height\":576},{\"@type\":\"BreadcrumbList\",\"@id\":\"https:\/\/ropacristiana.online\/blog\/el-apocalipsis-la-vision-de-juan\/#breadcrumb\",\"itemListElement\":[{\"@type\":\"ListItem\",\"position\":1,\"name\":\"Portada\",\"item\":\"https:\/\/ropacristiana.online\/blog\/\"},{\"@type\":\"ListItem\",\"position\":2,\"name\":\"El Apocalipsis: La Visi\u00f3n de Juan\"}]},{\"@type\":\"WebSite\",\"@id\":\"https:\/\/ropacristiana.online\/blog\/#website\",\"url\":\"https:\/\/ropacristiana.online\/blog\/\",\"name\":\"Ropa Cristiana Blog\",\"description\":\"Ropa cristiana de moda para todos los gustos\",\"publisher\":{\"@id\":\"https:\/\/ropacristiana.online\/blog\/#organization\"},\"potentialAction\":[{\"@type\":\"SearchAction\",\"target\":{\"@type\":\"EntryPoint\",\"urlTemplate\":\"https:\/\/ropacristiana.online\/blog\/?s={search_term_string}\"},\"query-input\":{\"@type\":\"PropertyValueSpecification\",\"valueRequired\":true,\"valueName\":\"search_term_string\"}}],\"inLanguage\":\"es\"},{\"@type\":\"Organization\",\"@id\":\"https:\/\/ropacristiana.online\/blog\/#organization\",\"name\":\"Ropa Cristiana Online\",\"url\":\"https:\/\/ropacristiana.online\/blog\/\",\"logo\":{\"@type\":\"ImageObject\",\"inLanguage\":\"es\",\"@id\":\"https:\/\/ropacristiana.online\/blog\/#\/schema\/logo\/image\/\",\"url\":\"https:\/\/ropacristiana.online\/wp-content\/uploads\/2021\/09\/Logo-ropa-cristiana-online.png\",\"contentUrl\":\"https:\/\/ropacristiana.online\/wp-content\/uploads\/2021\/09\/Logo-ropa-cristiana-online.png\",\"width\":531,\"height\":159,\"caption\":\"Ropa Cristiana Online\"},\"image\":{\"@id\":\"https:\/\/ropacristiana.online\/blog\/#\/schema\/logo\/image\/\"}},{\"@type\":\"Person\",\"@id\":\"https:\/\/ropacristiana.online\/blog\/#\/schema\/person\/dd3f01fd69d582ad0e90c382b5069062\",\"name\":\"Miguel Ortiz\",\"image\":{\"@type\":\"ImageObject\",\"inLanguage\":\"es\",\"@id\":\"https:\/\/ropacristiana.online\/blog\/wp-content\/uploads\/2021\/10\/yeshua-mo-150x150.jpg\",\"url\":\"https:\/\/ropacristiana.online\/blog\/wp-content\/uploads\/2021\/10\/yeshua-mo-150x150.jpg\",\"contentUrl\":\"https:\/\/ropacristiana.online\/blog\/wp-content\/uploads\/2021\/10\/yeshua-mo-150x150.jpg\",\"caption\":\"Miguel Ortiz\"},\"description\":\"Especialista en proyectos de internet, marketing digital y desarrollo web. Cristiano y miembro activo de la IEA Pentecostal \\\"La Hermosa\\\", perteneciente a las Asambleas de Dios en Venezuela.\",\"sameAs\":[\"https:\/\/www.facebook.com\/moLCys\/\",\"https:\/\/www.instagram.com\/molcys7\/\"]}]}<\/script>\n<!-- \/ Yoast SEO plugin. -->","yoast_head_json":{"title":"El Apocalipsis: La Visi\u00f3n de Juan","description":"\u00abLa revelaci\u00f3n de Jesucristo, que Dios le dio, para manifestar a sus siervos las cosas que deben suceder pronto; y la declar\u00f3 envi\u00e1ndola por medio de su","robots":{"index":"index","follow":"follow","max-snippet":"max-snippet:-1","max-image-preview":"max-image-preview:large","max-video-preview":"max-video-preview:-1"},"canonical":"https:\/\/ropacristiana.online\/blog\/el-apocalipsis-la-vision-de-juan\/","og_locale":"es_ES","og_type":"article","og_title":"El Apocalipsis: La Visi\u00f3n de Juan","og_description":"\u00abLa revelaci\u00f3n de Jesucristo, que Dios le dio, para manifestar a sus siervos las cosas que deben suceder pronto; y la declar\u00f3 envi\u00e1ndola por medio de su","og_url":"https:\/\/ropacristiana.online\/blog\/el-apocalipsis-la-vision-de-juan\/","og_site_name":"Ropa Cristiana Blog","article_author":"https:\/\/www.facebook.com\/moLCys\/","article_published_time":"2024-03-29T16:31:18+00:00","article_modified_time":"2024-04-20T13:16:58+00:00","og_image":[{"width":1024,"height":576,"url":"https:\/\/ropacristiana.online\/blog\/wp-content\/uploads\/2024\/03\/Apocalipsis-1-1024x576-1.jpg","type":"image\/jpeg"}],"author":"Miguel Ortiz","twitter_card":"summary_large_image","twitter_misc":{"Escrito por":"Miguel Ortiz","Tiempo de lectura":"9 minutos"},"schema":{"@context":"https:\/\/schema.org","@graph":[{"@type":"Article","@id":"https:\/\/ropacristiana.online\/blog\/el-apocalipsis-la-vision-de-juan\/#article","isPartOf":{"@id":"https:\/\/ropacristiana.online\/blog\/el-apocalipsis-la-vision-de-juan\/"},"author":{"name":"Miguel Ortiz","@id":"https:\/\/ropacristiana.online\/blog\/#\/schema\/person\/dd3f01fd69d582ad0e90c382b5069062"},"headline":"El Apocalipsis: La Visi\u00f3n de Juan","datePublished":"2024-03-29T16:31:18+00:00","dateModified":"2024-04-20T13:16:58+00:00","mainEntityOfPage":{"@id":"https:\/\/ropacristiana.online\/blog\/el-apocalipsis-la-vision-de-juan\/"},"wordCount":2228,"commentCount":17,"publisher":{"@id":"https:\/\/ropacristiana.online\/blog\/#organization"},"image":{"@id":"https:\/\/ropacristiana.online\/blog\/el-apocalipsis-la-vision-de-juan\/#primaryimage"},"thumbnailUrl":"https:\/\/ropacristiana.online\/blog\/wp-content\/uploads\/2024\/03\/Apocalipsis-1-1024x576-1.jpg","articleSection":["Estudios"],"inLanguage":"es","potentialAction":[{"@type":"CommentAction","name":"Comment","target":["https:\/\/ropacristiana.online\/blog\/el-apocalipsis-la-vision-de-juan\/#respond"]}]},{"@type":"WebPage","@id":"https:\/\/ropacristiana.online\/blog\/el-apocalipsis-la-vision-de-juan\/","url":"https:\/\/ropacristiana.online\/blog\/el-apocalipsis-la-vision-de-juan\/","name":"El Apocalipsis: La Visi\u00f3n de Juan","isPartOf":{"@id":"https:\/\/ropacristiana.online\/blog\/#website"},"primaryImageOfPage":{"@id":"https:\/\/ropacristiana.online\/blog\/el-apocalipsis-la-vision-de-juan\/#primaryimage"},"image":{"@id":"https:\/\/ropacristiana.online\/blog\/el-apocalipsis-la-vision-de-juan\/#primaryimage"},"thumbnailUrl":"https:\/\/ropacristiana.online\/blog\/wp-content\/uploads\/2024\/03\/Apocalipsis-1-1024x576-1.jpg","datePublished":"2024-03-29T16:31:18+00:00","dateModified":"2024-04-20T13:16:58+00:00","description":"\u00abLa revelaci\u00f3n de Jesucristo, que Dios le dio, para manifestar a sus siervos las cosas que deben suceder pronto; y la declar\u00f3 envi\u00e1ndola por medio de su","breadcrumb":{"@id":"https:\/\/ropacristiana.online\/blog\/el-apocalipsis-la-vision-de-juan\/#breadcrumb"},"inLanguage":"es","potentialAction":[{"@type":"ReadAction","target":["https:\/\/ropacristiana.online\/blog\/el-apocalipsis-la-vision-de-juan\/"]}]},{"@type":"ImageObject","inLanguage":"es","@id":"https:\/\/ropacristiana.online\/blog\/el-apocalipsis-la-vision-de-juan\/#primaryimage","url":"https:\/\/ropacristiana.online\/blog\/wp-content\/uploads\/2024\/03\/Apocalipsis-1-1024x576-1.jpg","contentUrl":"https:\/\/ropacristiana.online\/blog\/wp-content\/uploads\/2024\/03\/Apocalipsis-1-1024x576-1.jpg","width":1024,"height":576},{"@type":"BreadcrumbList","@id":"https:\/\/ropacristiana.online\/blog\/el-apocalipsis-la-vision-de-juan\/#breadcrumb","itemListElement":[{"@type":"ListItem","position":1,"name":"Portada","item":"https:\/\/ropacristiana.online\/blog\/"},{"@type":"ListItem","position":2,"name":"El Apocalipsis: La Visi\u00f3n de Juan"}]},{"@type":"WebSite","@id":"https:\/\/ropacristiana.online\/blog\/#website","url":"https:\/\/ropacristiana.online\/blog\/","name":"Ropa Cristiana Blog","description":"Ropa cristiana de moda para todos los gustos","publisher":{"@id":"https:\/\/ropacristiana.online\/blog\/#organization"},"potentialAction":[{"@type":"SearchAction","target":{"@type":"EntryPoint","urlTemplate":"https:\/\/ropacristiana.online\/blog\/?s={search_term_string}"},"query-input":{"@type":"PropertyValueSpecification","valueRequired":true,"valueName":"search_term_string"}}],"inLanguage":"es"},{"@type":"Organization","@id":"https:\/\/ropacristiana.online\/blog\/#organization","name":"Ropa Cristiana Online","url":"https:\/\/ropacristiana.online\/blog\/","logo":{"@type":"ImageObject","inLanguage":"es","@id":"https:\/\/ropacristiana.online\/blog\/#\/schema\/logo\/image\/","url":"https:\/\/ropacristiana.online\/wp-content\/uploads\/2021\/09\/Logo-ropa-cristiana-online.png","contentUrl":"https:\/\/ropacristiana.online\/wp-content\/uploads\/2021\/09\/Logo-ropa-cristiana-online.png","width":531,"height":159,"caption":"Ropa Cristiana Online"},"image":{"@id":"https:\/\/ropacristiana.online\/blog\/#\/schema\/logo\/image\/"}},{"@type":"Person","@id":"https:\/\/ropacristiana.online\/blog\/#\/schema\/person\/dd3f01fd69d582ad0e90c382b5069062","name":"Miguel Ortiz","image":{"@type":"ImageObject","inLanguage":"es","@id":"https:\/\/ropacristiana.online\/blog\/wp-content\/uploads\/2021\/10\/yeshua-mo-150x150.jpg","url":"https:\/\/ropacristiana.online\/blog\/wp-content\/uploads\/2021\/10\/yeshua-mo-150x150.jpg","contentUrl":"https:\/\/ropacristiana.online\/blog\/wp-content\/uploads\/2021\/10\/yeshua-mo-150x150.jpg","caption":"Miguel Ortiz"},"description":"Especialista en proyectos de internet, marketing digital y desarrollo web. Cristiano y miembro activo de la IEA Pentecostal \"La Hermosa\", perteneciente a las Asambleas de Dios en Venezuela.","sameAs":["https:\/\/www.facebook.com\/moLCys\/","https:\/\/www.instagram.com\/molcys7\/"]}]}},"_links":{"self":[{"href":"https:\/\/ropacristiana.online\/blog\/wp-json\/wp\/v2\/posts\/5772","targetHints":{"allow":["GET"]}}],"collection":[{"href":"https:\/\/ropacristiana.online\/blog\/wp-json\/wp\/v2\/posts"}],"about":[{"href":"https:\/\/ropacristiana.online\/blog\/wp-json\/wp\/v2\/types\/post"}],"author":[{"embeddable":true,"href":"https:\/\/ropacristiana.online\/blog\/wp-json\/wp\/v2\/users\/1"}],"replies":[{"embeddable":true,"href":"https:\/\/ropacristiana.online\/blog\/wp-json\/wp\/v2\/comments?post=5772"}],"version-history":[{"count":2,"href":"https:\/\/ropacristiana.online\/blog\/wp-json\/wp\/v2\/posts\/5772\/revisions"}],"predecessor-version":[{"id":5859,"href":"https:\/\/ropacristiana.online\/blog\/wp-json\/wp\/v2\/posts\/5772\/revisions\/5859"}],"wp:featuredmedia":[{"embeddable":true,"href":"https:\/\/ropacristiana.online\/blog\/wp-json\/wp\/v2\/media\/5801"}],"wp:attachment":[{"href":"https:\/\/ropacristiana.online\/blog\/wp-json\/wp\/v2\/media?parent=5772"}],"wp:term":[{"taxonomy":"category","embeddable":true,"href":"https:\/\/ropacristiana.online\/blog\/wp-json\/wp\/v2\/categories?post=5772"},{"taxonomy":"post_tag","embeddable":true,"href":"https:\/\/ropacristiana.online\/blog\/wp-json\/wp\/v2\/tags?post=5772"}],"curies":[{"name":"wp","href":"https:\/\/api.w.org\/{rel}","templated":true}]}}